{"id":3575,"date":"2020-05-23T23:50:28","date_gmt":"2020-05-23T21:50:28","guid":{"rendered":"https:\/\/www.keinblatt.de\/blog\/?p=3575"},"modified":"2020-08-16T17:30:35","modified_gmt":"2020-08-16T15:30:35","slug":"nord-ostdeutsche-rebellieren-gegen-moeglichen-kanzler-soeder-wollen-keinen-franzosen","status":"publish","type":"post","link":"https:\/\/www.keinblatt.de\/blog\/nord-ostdeutsche-rebellieren-gegen-moeglichen-kanzler-soeder-wollen-keinen-franzosen\/","title":{"rendered":"Nord-\/Ostdeutsche rebellieren gegen m\u00f6glichen Kanzler S\u00f6der \u2013 wollen keinen Franzosen!"},"content":{"rendered":"<figure id=\"attachment_2870\" aria-describedby=\"caption-attachment-2870\" style=\"width: 580px\" class=\"wp-caption alignleft\"><a href=\"https:\/\/www.keinblatt.de\/blog\/wp-content\/uploads\/2018\/05\/949px-2509_Markus_S\u00f6der.jpg\"><img loading=\"lazy\" decoding=\"async\" class=\"size-large wp-image-2870\" src=\"https:\/\/www.keinblatt.de\/blog\/wp-content\/uploads\/2018\/05\/949px-2509_Markus_S\u00f6der-949x1024.jpg\" alt=\"Markus S\u00f6der\" width=\"580\" height=\"626\" srcset=\"https:\/\/www.keinblatt.de\/blog\/wp-content\/uploads\/2018\/05\/949px-2509_Markus_S\u00f6der.jpg 949w, https:\/\/www.keinblatt.de\/blog\/wp-content\/uploads\/2018\/05\/949px-2509_Markus_S\u00f6der-278x300.jpg 278w, https:\/\/www.keinblatt.de\/blog\/wp-content\/uploads\/2018\/05\/949px-2509_Markus_S\u00f6der-768x829.jpg 768w\" sizes=\"auto, (max-width: 580px) 100vw, 580px\" \/><\/a><figcaption id=\"caption-attachment-2870\" class=\"wp-caption-text\">Der n\u00e4chste Bundeskanzler Markus S\u00f6der (CSU). Foto: <a href=\"https:\/\/commons.wikimedia.org\/wiki\/File:2509_Markus_S%C3%B6der.jpg\" target=\"_blank\">Freud<\/a> \/ Lizenz: <a href=\"https:\/\/creativecommons.org\/licenses\/by-sa\/3.0\/deed.en\" target=\"_blank\">CC BY-SA 3.0<\/a><\/figcaption><\/figure>\n<p>Bayerns Ministerpr\u00e4sident Markus S\u00f6der (CSU) kann vor Kraft kaum noch laufen. In der Coronakrise hat er sich als Krisenmanager profiliert und wurde bundesweit einem gr\u00f6\u00dferen Publikum bekannt. Er hat die Rolle seines Lebens gefunden \u2013 und nun will er mehr! Inzwischen gilt Markus S\u00f6der als aussichtsreichster Unions-Kanzlerkandidat. Nachdem Armin Laschet mit seinen freien Intensivbetten nicht punkten konnte und unklar ist, ob Friedrich Merz \u00fcberhaupt noch am Leben ist, soll nun Markus S\u00f6der an einem Online-Sonderparteitag im Januar 2021 zum offiziellen Kanzlerkandidat der Union gek\u00fcrt werden.<\/p>\n<p>Doch mittlerweile regt sich Widerstand \u2013 vor allem aus Nord- bzw. Ostdeutschland und speziell aus den patriotischen Unionslagern \u2013 speziell nat\u00fcrlich der Werteunion.<\/p>\n<h3>In deutschen Schulen\u00a0 frankophone Sprachausbildung verbreitet, aber \u2026<\/h3>\n<p>Immer \u00f6fter ist zu h\u00f6ren, man sehe einen Franzosen mehr als nur kritisch. Nat\u00fcrlich habe man nichts gegen Menschen aus Frankreich, sagt z.B. der stellvertretende s\u00e4chsische CDU-Landeschef Dieter L\u00f6we. Aber der Bundeskanzler sollte schon deutsche Wurzeln haben und in der Lage zu sein, einigerma\u00dfen akzentfrei zu sprechen. Die Frankophilie sei gerade nach dem Zweiten Weltkrieg eine erstaunliche und r\u00fchrende Entwicklung, die auch die Europ\u00e4ische Union erst erm\u00f6glicht habe, kommentiert Anja Heinrich (Werteunion). Der deutsch-franz\u00f6sische Kulturkanal Arte spiegele die Liebe und Freundschaft zu Frankreich wider. Ein Gro\u00dfteil der deutschen Sch\u00fcler genie\u00dfe eine frankophone gepr\u00e4gte Sprachbildung, so Heinrich. Daran wolle man nat\u00fcrlich festhalten. Das hie\u00dfe aber nicht, dass Macron S\u00f6der nun zwangsl\u00e4ufig Angela Merkel beerbe, f\u00fchrt sie weiter aus. Sabrina Wulf (CDU), Sprecherin des nieders\u00e4chsischen Kulturministeriums, pflichtet ihr bei, auch sie sehe die Personalie S\u00f6der \u00e4u\u00dferst kritisch.<\/p>\n<p>Markus S\u00f6der w\u00e4re der erste CSU-Bundeskanzler der Geschichte. Im Rennen ist neben Laschet und S\u00f6der noch Norbert R\u00f6ntgen, der aber als chancenlos gilt. Indes hat sich Bundesinnenminister Horst Seehofer (CSU) f\u00fcr eine f\u00fcnfte Amtszeit Angela Merkels ausgesprochen, um seinen Intimfeind S\u00f6der zu verhindern.<img loading=\"lazy\" decoding=\"async\" class=\"vg\" src=\"https:\/\/ssl-vg03.met.vgwort.de\/na\/a727f41af49e4b219473b92374d55992\" alt=\"\" width=\"1\" height=\"1\" \/><\/p>\n","protected":false},"excerpt":{"rendered":"<p>Bayerns Ministerpr\u00e4sident Markus S\u00f6der (CSU) kann vor Kraft kaum noch laufen. In der Coronakrise hat er sich als Krisenmanager profiliert und wurde bundesweit einem gr\u00f6\u00dferen Publikum bekannt. Er hat die Rolle seines Lebens gefunden \u2013 und nun will er mehr! Inzwischen gilt Markus S\u00f6der als aussichtsreichster Unions-Kanzlerkandidat. Nachdem Armin Laschet mit seinen freien Intensivbetten nicht [&hellip;]<\/p>\n","protected":false},"author":1,"featured_media":0,"comment_status":"open","ping_status":"open","sticky":false,"template":"","format":"standard","meta":{"footnotes":""},"categories":[2,6,20],"tags":[1086,233,394,1151,158,453,2470],"class_list":["post-3575","post","type-post","status-publish","format-standard","hentry","category-gesellschaftliches","category-politik","category-sprachliches","tag-bundeskanzler","tag-cdu","tag-csu","tag-frankreich","tag-kanzlerkandidat","tag-markus-soeder","tag-werteunion"],"_links":{"self":[{"href":"https:\/\/www.keinblatt.de\/blog\/wp-json\/wp\/v2\/posts\/3575","targetHints":{"allow":["GET"]}}],"collection":[{"href":"https:\/\/www.keinblatt.de\/blog\/wp-json\/wp\/v2\/posts"}],"about":[{"href":"https:\/\/www.keinblatt.de\/blog\/wp-json\/wp\/v2\/types\/post"}],"author":[{"embeddable":true,"href":"https:\/\/www.keinblatt.de\/blog\/wp-json\/wp\/v2\/users\/1"}],"replies":[{"embeddable":true,"href":"https:\/\/www.keinblatt.de\/blog\/wp-json\/wp\/v2\/comments?post=3575"}],"version-history":[{"count":0,"href":"https:\/\/www.keinblatt.de\/blog\/wp-json\/wp\/v2\/posts\/3575\/revisions"}],"wp:attachment":[{"href":"https:\/\/www.keinblatt.de\/blog\/wp-json\/wp\/v2\/media?parent=3575"}],"wp:term":[{"taxonomy":"category","embeddable":true,"href":"https:\/\/www.keinblatt.de\/blog\/wp-json\/wp\/v2\/categories?post=3575"},{"taxonomy":"post_tag","embeddable":true,"href":"https:\/\/www.keinblatt.de\/blog\/wp-json\/wp\/v2\/tags?post=3575"}],"curies":[{"name":"wp","href":"https:\/\/api.w.org\/{rel}","templated":true}]}}