{"id":3529,"date":"2020-04-20T18:37:16","date_gmt":"2020-04-20T16:37:16","guid":{"rendered":"https:\/\/www.keinblatt.de\/blog\/?p=3529"},"modified":"2020-05-11T15:46:04","modified_gmt":"2020-05-11T13:46:04","slug":"wer-in-oeffis-ohne-mundschutz-erwischt-wird-zahlt-500-e-wer-einen-einfachen-selbst-genaehten-traegt-kommt-mit-80-e-davon","status":"publish","type":"post","link":"https:\/\/www.keinblatt.de\/blog\/wer-in-oeffis-ohne-mundschutz-erwischt-wird-zahlt-500-e-wer-einen-einfachen-selbst-genaehten-traegt-kommt-mit-80-e-davon\/","title":{"rendered":"Wer in \u00d6ffis ohne Mundschutz erwischt wird, zahlt 500 \u20ac. Wer einen einfachen selbst gen\u00e4hten tr\u00e4gt, kommt mit 80 \u20ac davon!"},"content":{"rendered":"<figure id=\"attachment_3530\" aria-describedby=\"caption-attachment-3530\" style=\"width: 580px\" class=\"wp-caption alignnone\"><a href=\"https:\/\/www.keinblatt.de\/blog\/wp-content\/uploads\/2020\/04\/corona-5008824.jpg\"><img loading=\"lazy\" decoding=\"async\" class=\"size-large wp-image-3530\" src=\"https:\/\/www.keinblatt.de\/blog\/wp-content\/uploads\/2020\/04\/corona-5008824-1024x683.jpg\" alt=\"Mundschutz\" width=\"580\" height=\"387\" srcset=\"https:\/\/www.keinblatt.de\/blog\/wp-content\/uploads\/2020\/04\/corona-5008824-1024x683.jpg 1024w, https:\/\/www.keinblatt.de\/blog\/wp-content\/uploads\/2020\/04\/corona-5008824-300x200.jpg 300w, https:\/\/www.keinblatt.de\/blog\/wp-content\/uploads\/2020\/04\/corona-5008824-768x512.jpg 768w, https:\/\/www.keinblatt.de\/blog\/wp-content\/uploads\/2020\/04\/corona-5008824-1536x1024.jpg 1536w, https:\/\/www.keinblatt.de\/blog\/wp-content\/uploads\/2020\/04\/corona-5008824-1200x800.jpg 1200w, https:\/\/www.keinblatt.de\/blog\/wp-content\/uploads\/2020\/04\/corona-5008824.jpg 1920w\" sizes=\"auto, (max-width: 580px) 100vw, 580px\" \/><\/a><figcaption id=\"caption-attachment-3530\" class=\"wp-caption-text\">Lizenz: Public Droh-M\u00e4hne (wegen Fris\u00f6r zu)<\/figcaption><\/figure>\n<p>Nun kommt die Mundschutzpflicht \u2013 f\u00fcr \u00f6ffentliche Verkehrsmittel und L\u00e4den. In Bayern gilt dies ab 27.04.2020.<\/p>\n<p>Der heimliche Bundeskanzler und bayerische Ministerpr\u00e4sident Markus S\u00f6der (CSU) hat nun durchgesetzt, dass bei Nichtbeachtung harte Strafen verh\u00e4ngt werden.<\/p>\n<p>&#8222;Es geht um die Gesundheit, unser h\u00f6chstes Gut&#8220;, sagte S\u00f6der, &#8222;daher werden Fahrg\u00e4ste in k\u00f6niglich-bayerischen Bussen und Staatseisenbahnen mit 500 Euro zur Kasse gebeten, wenn sie ohne Mundschutz angetroffen werden. Wer einen einfachen selbst gen\u00e4hten Mundschutz tr\u00e4gt, kommt mit 80 Euro davon.&#8220;<\/p>\n<p>&#8222;Diese gestaffelten Strafen sorgen f\u00fcr Gerechtigkeit&#8220;, so S\u00f6der. Auch sei eine selbst gen\u00e4hte Maske gar keine echte Maske und falle unter das Vermummungsverbot. Wer in Bayern vermummt ist, gilt ohnehin als Schwarzfahrer. Zwar sei Schwarzfahren generell kostenlos, aber wer erwischt werde, m\u00fcsse 60 Euro zahlen. Damit reduziere sich die Strafe f\u00fcr den Versto\u00df gegen die Auflagen bei der bayerisch-k\u00f6nigliche Maskenpflicht auf symbolische 20 Euro.<\/p>\n<p>Nur FFP2-Masken oder aufw\u00e4rts seien sinnvoll und b\u00f6ten einen effektiven Schutz.<\/p>\n<p>&#8222;Die einfachen Stoffmasken sind ohnehin Keimschleudern&#8220;, so S\u00f6der, &#8222;wir sollten sie nicht auch noch f\u00f6rdern. Beim Waschen verlieren die zudem ihren Minimalschutz, dann kann man es gleich sein lassen.&#8220; Wir fragen S\u00f6der: &#8222;Waschen, wieso waschen?&#8220;<\/p>\n<p>Wir bekommen keine Antwort. Nur dass auch die \u00fcbrigen Bundesl\u00e4nder die bayerische Bu\u00dfgeldregelung \u00fcbernehmen wollen, verr\u00e4t uns der Ministerpr\u00e4sident noch.<\/p>\n<p>Auf den Einwand, dass FFP2-Masken kaum zu bekommen seien, reagiert S\u00f6der dagegen \u00fcberzeugend: &#8222;Daher haben wir ja die Strafen, damit sich der B\u00fcrger bem\u00fche, so eine Maske zu ergattern. Man kann vom B\u00fcrger auch ein bisschen was erwarten. Auf Bildschirmen finden sich schlie\u00dflich auch \u00fcberall Masken. Bei Bildschirmmasken habe das verw\u00f6hnte Volk komischerweise nicht gemeckert, da ging es doch auch!&#8220; Hat er auch wieder recht!<img loading=\"lazy\" decoding=\"async\" class=\"vg\" src=\"https:\/\/ssl-vg03.met.vgwort.de\/na\/78a03d7176254fc38511c5176c0e922f\" alt=\"\" width=\"1\" height=\"1\" \/><\/p>\n","protected":false},"excerpt":{"rendered":"<p>Nun kommt die Mundschutzpflicht \u2013 f\u00fcr \u00f6ffentliche Verkehrsmittel und L\u00e4den. In Bayern gilt dies ab 27.04.2020. Der heimliche Bundeskanzler und bayerische Ministerpr\u00e4sident Markus S\u00f6der (CSU) hat nun durchgesetzt, dass bei Nichtbeachtung harte Strafen verh\u00e4ngt werden. &#8222;Es geht um die Gesundheit, unser h\u00f6chstes Gut&#8220;, sagte S\u00f6der, &#8222;daher werden Fahrg\u00e4ste in k\u00f6niglich-bayerischen Bussen und Staatseisenbahnen mit 500 [&hellip;]<\/p>\n","protected":false},"author":1,"featured_media":0,"comment_status":"open","ping_status":"open","sticky":false,"template":"","format":"standard","meta":{"footnotes":""},"categories":[13,6,9],"tags":[266,2460,2449,453,2451,828],"class_list":["post-3529","post","type-post","status-publish","format-standard","hentry","category-medizin","category-politik","category-verkehr","tag-bayern","tag-ffp2","tag-ffp3","tag-markus-soeder","tag-maske-corona","tag-vermummungsverbot"],"_links":{"self":[{"href":"https:\/\/www.keinblatt.de\/blog\/wp-json\/wp\/v2\/posts\/3529","targetHints":{"allow":["GET"]}}],"collection":[{"href":"https:\/\/www.keinblatt.de\/blog\/wp-json\/wp\/v2\/posts"}],"about":[{"href":"https:\/\/www.keinblatt.de\/blog\/wp-json\/wp\/v2\/types\/post"}],"author":[{"embeddable":true,"href":"https:\/\/www.keinblatt.de\/blog\/wp-json\/wp\/v2\/users\/1"}],"replies":[{"embeddable":true,"href":"https:\/\/www.keinblatt.de\/blog\/wp-json\/wp\/v2\/comments?post=3529"}],"version-history":[{"count":0,"href":"https:\/\/www.keinblatt.de\/blog\/wp-json\/wp\/v2\/posts\/3529\/revisions"}],"wp:attachment":[{"href":"https:\/\/www.keinblatt.de\/blog\/wp-json\/wp\/v2\/media?parent=3529"}],"wp:term":[{"taxonomy":"category","embeddable":true,"href":"https:\/\/www.keinblatt.de\/blog\/wp-json\/wp\/v2\/categories?post=3529"},{"taxonomy":"post_tag","embeddable":true,"href":"https:\/\/www.keinblatt.de\/blog\/wp-json\/wp\/v2\/tags?post=3529"}],"curies":[{"name":"wp","href":"https:\/\/api.w.org\/{rel}","templated":true}]}}