{"id":3509,"date":"2020-04-12T23:00:59","date_gmt":"2020-04-12T21:00:59","guid":{"rendered":"https:\/\/www.keinblatt.de\/blog\/?p=3509"},"modified":"2022-07-20T16:46:36","modified_gmt":"2022-07-20T14:46:36","slug":"__trashed-2","status":"publish","type":"post","link":"https:\/\/www.keinblatt.de\/blog\/__trashed-2\/","title":{"rendered":"Papst nach Geister-Segen: Ostern 2020 wird Western 2021 nachgeholt!"},"content":{"rendered":"<figure id=\"attachment_3517\" aria-describedby=\"caption-attachment-3517\" style=\"width: 750px\" class=\"wp-caption alignnone\"><a href=\"https:\/\/www.keinblatt.de\/blog\/wp-content\/uploads\/2020\/04\/Papst_Osterfest.jpg\"><img loading=\"lazy\" decoding=\"async\" class=\"size-full wp-image-3517\" src=\"https:\/\/www.keinblatt.de\/blog\/wp-content\/uploads\/2020\/04\/Papst_Osterfest.jpg\" alt=\"Papst Osterfest\" width=\"750\" height=\"586\" srcset=\"https:\/\/www.keinblatt.de\/blog\/wp-content\/uploads\/2020\/04\/Papst_Osterfest.jpg 750w, https:\/\/www.keinblatt.de\/blog\/wp-content\/uploads\/2020\/04\/Papst_Osterfest-300x234.jpg 300w\" sizes=\"auto, (max-width: 750px) 100vw, 750px\" \/><\/a><figcaption id=\"caption-attachment-3517\" class=\"wp-caption-text\">So wie hier zu sehen, soll es wieder werden! Foto: Morgan Dunn, bearbeitet durch keinblatt.de \/ Lizenz: <a href=\"https:\/\/creativecommons.org\/licenses\/by-sa\/4.0\/deed.en\" target=\"_blank\">CC BY-SA 4.0<\/a><\/figcaption><\/figure>\n<p>Ein Ostern wie dieses hat es noch nie gegeben. Der Papst trat am Ostersonntag im fast leeren Petersdom auf. Wegen der Coronakrise waren keine Gl\u00e4ubigen zugelassen, diese sa\u00dfen vor den TV-Ger\u00e4ten oder hatten sich unter Sicherheitsauflagen (Mundschutz und Mindestabstand) ein spirituelles Medium ins Haus kommen lassen, das in einer Seance die Botschaft des Papstes wiedergab.<\/p>\n<p>Doch nicht nur die Coronakrise machte dem Pontifex Maximus zu schaffen. Auch ist das Spendenaufkommen f\u00fcr die Kirche stark zur\u00fcckgegangen. Das Spenden des Ostersegens muss jedoch immer gleichgerichtet sein, der Papst <em>gibt<\/em> (spendet) und <em>nimmt<\/em> (Spenden ein). Die Einnahmen waren zu gering, da war kein Gleichgewicht.<\/p>\n<p>Daher spendete Papst Franziskus dieses Jahr nicht den Segen &#8222;Urbi et Orbi&#8220; \u2013 der Stadt und dem Erdkreis, sondern nur den eingeschr\u00e4nkten Segen &#8222;Quid Benedictio&#8220;. Das hat es in der Tradition der r\u00f6misch-katholischen Kirche erst einmal gegeben, das war 1947.<\/p>\n<h3>Eingeschr\u00e4nkter Ostersegen<\/h3>\n<p>Der Papst hat aber am Ostermontag noch eine frohe Botschaft. Er versprach, das diesj\u00e4hrige Osterfest noch einmal ordentlich nachzufeiern, also mit Publikum. Wegen des gef\u00e4hrlichen Coronavirus sei das erst n\u00e4chstes Jahr m\u00f6glich, sagte der Papst. Der Papst mahnte aber, dass das Spendenaufkommen deutlich nach oben gehen m\u00fcsse, sonst sei auch das gef\u00e4hrdet. Denn auch die geringe Spendenbereitschaft sei daf\u00fcr verantwortlich, dass sich das Virus so stark ausbreiten konnte, sprach der Papst in sein Mikrofon aus purem Gold.<\/p>\n<h3>Berechnung des Westerfestes mit Westerformel<\/h3>\n<p>Als Termin f\u00fcr das nachgefeierte Osterfest wird Western 2021 vorgesehen. Das Westerfest wird wie das Osterfest mit einer speziellen Formel berechnet, die in dem bekannten Western &#8222;Zwei rechnen ab&#8220; das Hauptthema ist. Trotz der klar im Film skizzierter Formel haben die r\u00f6misch-katholische Kirche, die orthodoxe Kirche, die Mormonen und die Zeugen Jehovas leicht unterschiedliche Formeln, die meist zu Abweichungen von bis zu zwei Wochen f\u00fchren k\u00f6nnen.<\/p>\n<p>Konkret wird das r\u00f6misch-katholische Westerfest 2021 ab dem 19. Februar (Trauerfreitag) gefeiert. Westersonntag und Westermontag fallen entsprechend auf den 21. und 22. Februar.<img loading=\"lazy\" decoding=\"async\" class=\"vg\" src=\"https:\/\/ssl-vg03.met.vgwort.de\/na\/8e4154929e3f4990ab262e5b934c97df\" alt=\"\" width=\"1\" height=\"1\" \/><\/p>\n","protected":false},"excerpt":{"rendered":"<p>Ein Ostern wie dieses hat es noch nie gegeben. Der Papst trat am Ostersonntag im fast leeren Petersdom auf. Wegen der Coronakrise waren keine Gl\u00e4ubigen zugelassen, diese sa\u00dfen vor den TV-Ger\u00e4ten oder hatten sich unter Sicherheitsauflagen (Mundschutz und Mindestabstand) ein spirituelles Medium ins Haus kommen lassen, das in einer Seance die Botschaft des Papstes wiedergab. [&hellip;]<\/p>\n","protected":false},"author":1,"featured_media":0,"comment_status":"open","ping_status":"open","sticky":false,"template":"","format":"standard","meta":{"footnotes":""},"categories":[26,13,11],"tags":[151,1282,150,1673],"class_list":["post-3509","post","type-post","status-publish","format-standard","hentry","category-braeuche","category-medizin","category-religion","tag-franziskus","tag-ostern","tag-papst","tag-segen"],"_links":{"self":[{"href":"https:\/\/www.keinblatt.de\/blog\/wp-json\/wp\/v2\/posts\/3509","targetHints":{"allow":["GET"]}}],"collection":[{"href":"https:\/\/www.keinblatt.de\/blog\/wp-json\/wp\/v2\/posts"}],"about":[{"href":"https:\/\/www.keinblatt.de\/blog\/wp-json\/wp\/v2\/types\/post"}],"author":[{"embeddable":true,"href":"https:\/\/www.keinblatt.de\/blog\/wp-json\/wp\/v2\/users\/1"}],"replies":[{"embeddable":true,"href":"https:\/\/www.keinblatt.de\/blog\/wp-json\/wp\/v2\/comments?post=3509"}],"version-history":[{"count":0,"href":"https:\/\/www.keinblatt.de\/blog\/wp-json\/wp\/v2\/posts\/3509\/revisions"}],"wp:attachment":[{"href":"https:\/\/www.keinblatt.de\/blog\/wp-json\/wp\/v2\/media?parent=3509"}],"wp:term":[{"taxonomy":"category","embeddable":true,"href":"https:\/\/www.keinblatt.de\/blog\/wp-json\/wp\/v2\/categories?post=3509"},{"taxonomy":"post_tag","embeddable":true,"href":"https:\/\/www.keinblatt.de\/blog\/wp-json\/wp\/v2\/tags?post=3509"}],"curies":[{"name":"wp","href":"https:\/\/api.w.org\/{rel}","templated":true}]}}