{"id":3449,"date":"2020-03-14T12:14:15","date_gmt":"2020-03-14T11:14:15","guid":{"rendered":"https:\/\/www.keinblatt.de\/blog\/?p=3449"},"modified":"2020-03-24T01:03:45","modified_gmt":"2020-03-24T00:03:45","slug":"seehofer-ordnet-an-witze-ueber-coronavirus-zu-unterlassen","status":"publish","type":"post","link":"https:\/\/www.keinblatt.de\/blog\/seehofer-ordnet-an-witze-ueber-coronavirus-zu-unterlassen\/","title":{"rendered":"Seehofer ordnet an, Witze \u00fcber Coronavirus zu unterlassen"},"content":{"rendered":"<figure id=\"attachment_2406\" aria-describedby=\"caption-attachment-2406\" style=\"width: 800px\" class=\"wp-caption alignnone\"><a href=\"https:\/\/www.keinblatt.de\/blog\/wp-content\/uploads\/2016\/12\/Horst_Seehofer_November_2015.jpg\"><img loading=\"lazy\" decoding=\"async\" class=\"size-full wp-image-2406\" src=\"https:\/\/www.keinblatt.de\/blog\/wp-content\/uploads\/2016\/12\/Horst_Seehofer_November_2015.jpg\" alt=\"Horst Seehofer\" width=\"800\" height=\"533\" srcset=\"https:\/\/www.keinblatt.de\/blog\/wp-content\/uploads\/2016\/12\/Horst_Seehofer_November_2015.jpg 800w, https:\/\/www.keinblatt.de\/blog\/wp-content\/uploads\/2016\/12\/Horst_Seehofer_November_2015-300x200.jpg 300w, https:\/\/www.keinblatt.de\/blog\/wp-content\/uploads\/2016\/12\/Horst_Seehofer_November_2015-768x512.jpg 768w\" sizes=\"auto, (max-width: 800px) 100vw, 800px\" \/><\/a><figcaption id=\"caption-attachment-2406\" class=\"wp-caption-text\">Bundesinnenminister Horst Seehofer (CSU) handelt! Foto: <a href=\"https:\/\/commons.wikimedia.org\/wiki\/File:Horst_Seehofer_November_2015.jpg\" target=\"_blank\">Freud<\/a> \/ Lizenz: <a href=\"https:\/\/creativecommons.org\/licenses\/by-sa\/3.0\/deed.en\" target=\"_blank\">CC BY-SA 3.0<\/a><\/figcaption><\/figure>\n<p>Die Lage ist ernst, im w\u00f6rtlichen Sinne. Bundesinnenminister Horst Seehofer (CSU) hat angeordnet, Witze \u00fcber das Coronavirus zu unterlassen. &#8222;Angesichts der sprunghaft steigenden Erkrankungen und Todesf\u00e4lle halte ich Witze f\u00fcr unangebracht&#8220;, so der Minister.<\/p>\n<p>Ob die Anordnung rechtlich bindend ist, gilt unter Juristen als umstritten. Seehofer wies jedoch darauf hin, dass menschenverachtende Witze auch ohne diese Anordnung justiziabel sein k\u00f6nnen. Eine Strafverfolgung sei also bereits nach geltendem Recht m\u00f6glich.<\/p>\n<p>Der Minister appellierte, das gef\u00e4hrliche Virus nicht auch noch zu provozieren. Seehofer schloss mit den Worten: &#8222;Die Anordnung tritt sofort in Kraft \u2013 bis auf Weiteres!&#8220;<\/p>\n<figure id=\"attachment_3418\" aria-describedby=\"caption-attachment-3418\" style=\"width: 580px\" class=\"wp-caption alignnone\"><a href=\"https:\/\/www.keinblatt.de\/blog\/wp-content\/uploads\/2020\/03\/coronavirus-4844620_1920.jpg\"><img loading=\"lazy\" decoding=\"async\" class=\"wp-image-3418 size-large\" src=\"https:\/\/www.keinblatt.de\/blog\/wp-content\/uploads\/2020\/03\/coronavirus-4844620_1920-1024x512.jpg\" alt=\"Coronavirus\" width=\"580\" height=\"290\" srcset=\"https:\/\/www.keinblatt.de\/blog\/wp-content\/uploads\/2020\/03\/coronavirus-4844620_1920-1024x512.jpg 1024w, https:\/\/www.keinblatt.de\/blog\/wp-content\/uploads\/2020\/03\/coronavirus-4844620_1920-300x150.jpg 300w, https:\/\/www.keinblatt.de\/blog\/wp-content\/uploads\/2020\/03\/coronavirus-4844620_1920-768x384.jpg 768w, https:\/\/www.keinblatt.de\/blog\/wp-content\/uploads\/2020\/03\/coronavirus-4844620_1920-1536x768.jpg 1536w, https:\/\/www.keinblatt.de\/blog\/wp-content\/uploads\/2020\/03\/coronavirus-4844620_1920-1200x600.jpg 1200w, https:\/\/www.keinblatt.de\/blog\/wp-content\/uploads\/2020\/03\/coronavirus-4844620_1920.jpg 1920w\" sizes=\"auto, (max-width: 580px) 100vw, 580px\" \/><\/a><figcaption id=\"caption-attachment-3418\" class=\"wp-caption-text\">Mit ihm ist nicht zu spa\u00dfen: das Coronavirus. Lizenz: Public Domain<\/figcaption><\/figure>\n","protected":false},"excerpt":{"rendered":"<p>Die Lage ist ernst, im w\u00f6rtlichen Sinne. Bundesinnenminister Horst Seehofer (CSU) hat angeordnet, Witze \u00fcber das Coronavirus zu unterlassen. &#8222;Angesichts der sprunghaft steigenden Erkrankungen und Todesf\u00e4lle halte ich Witze f\u00fcr unangebracht&#8220;, so der Minister. Ob die Anordnung rechtlich bindend ist, gilt unter Juristen als umstritten. Seehofer wies jedoch darauf hin, dass menschenverachtende Witze auch ohne [&hellip;]<\/p>\n","protected":false},"author":1,"featured_media":0,"comment_status":"open","ping_status":"open","sticky":false,"template":"","format":"standard","meta":{"footnotes":""},"categories":[13,6],"tags":[240,2425,2426],"class_list":["post-3449","post","type-post","status-publish","format-standard","hentry","category-medizin","category-politik","tag-horst-seehofer","tag-humor","tag-witze"],"_links":{"self":[{"href":"https:\/\/www.keinblatt.de\/blog\/wp-json\/wp\/v2\/posts\/3449","targetHints":{"allow":["GET"]}}],"collection":[{"href":"https:\/\/www.keinblatt.de\/blog\/wp-json\/wp\/v2\/posts"}],"about":[{"href":"https:\/\/www.keinblatt.de\/blog\/wp-json\/wp\/v2\/types\/post"}],"author":[{"embeddable":true,"href":"https:\/\/www.keinblatt.de\/blog\/wp-json\/wp\/v2\/users\/1"}],"replies":[{"embeddable":true,"href":"https:\/\/www.keinblatt.de\/blog\/wp-json\/wp\/v2\/comments?post=3449"}],"version-history":[{"count":0,"href":"https:\/\/www.keinblatt.de\/blog\/wp-json\/wp\/v2\/posts\/3449\/revisions"}],"wp:attachment":[{"href":"https:\/\/www.keinblatt.de\/blog\/wp-json\/wp\/v2\/media?parent=3449"}],"wp:term":[{"taxonomy":"category","embeddable":true,"href":"https:\/\/www.keinblatt.de\/blog\/wp-json\/wp\/v2\/categories?post=3449"},{"taxonomy":"post_tag","embeddable":true,"href":"https:\/\/www.keinblatt.de\/blog\/wp-json\/wp\/v2\/tags?post=3449"}],"curies":[{"name":"wp","href":"https:\/\/api.w.org\/{rel}","templated":true}]}}