{"id":3306,"date":"2020-02-06T13:18:41","date_gmt":"2020-02-06T12:18:41","guid":{"rendered":"https:\/\/www.keinblatt.de\/blog\/?p=3306"},"modified":"2020-02-06T20:40:27","modified_gmt":"2020-02-06T19:40:27","slug":"wahl-kemmerichs-doch-ungueltig-passage-im-thueringer-wahlgesetz-schliesst-vor-die-fuesse-geschmissene-blumen-aus","status":"publish","type":"post","link":"https:\/\/www.keinblatt.de\/blog\/wahl-kemmerichs-doch-ungueltig-passage-im-thueringer-wahlgesetz-schliesst-vor-die-fuesse-geschmissene-blumen-aus\/","title":{"rendered":"Wahl Kemmerichs doch ung\u00fcltig \u2013 Passage im Th\u00fcringer Wahlgesetz schlie\u00dft vor die F\u00fc\u00dfe geschmissene Blumen aus"},"content":{"rendered":"<figure id=\"attachment_3307\" aria-describedby=\"caption-attachment-3307\" style=\"width: 660px\" class=\"wp-caption alignnone\"><a href=\"https:\/\/www.keinblatt.de\/blog\/wp-content\/uploads\/2020\/02\/2019-10-27_Wahlabend_Th\u00fcringen_by_Sandro_Halank\u201331.jpg\"><img loading=\"lazy\" decoding=\"async\" class=\"size-large wp-image-3307\" src=\"https:\/\/www.keinblatt.de\/blog\/wp-content\/uploads\/2020\/02\/2019-10-27_Wahlabend_Th\u00fcringen_by_Sandro_Halank\u201331-1024x683.jpg\" alt=\"Thomas Kemmerich\" width=\"660\" height=\"440\" srcset=\"https:\/\/www.keinblatt.de\/blog\/wp-content\/uploads\/2020\/02\/2019-10-27_Wahlabend_Th\u00fcringen_by_Sandro_Halank\u201331-1024x683.jpg 1024w, https:\/\/www.keinblatt.de\/blog\/wp-content\/uploads\/2020\/02\/2019-10-27_Wahlabend_Th\u00fcringen_by_Sandro_Halank\u201331-300x200.jpg 300w, https:\/\/www.keinblatt.de\/blog\/wp-content\/uploads\/2020\/02\/2019-10-27_Wahlabend_Th\u00fcringen_by_Sandro_Halank\u201331-768x512.jpg 768w, https:\/\/www.keinblatt.de\/blog\/wp-content\/uploads\/2020\/02\/2019-10-27_Wahlabend_Th\u00fcringen_by_Sandro_Halank\u201331-1536x1024.jpg 1536w, https:\/\/www.keinblatt.de\/blog\/wp-content\/uploads\/2020\/02\/2019-10-27_Wahlabend_Th\u00fcringen_by_Sandro_Halank\u201331.jpg 1920w\" sizes=\"auto, (max-width: 660px) 100vw, 660px\" \/><\/a><figcaption id=\"caption-attachment-3307\" class=\"wp-caption-text\">Thomas Kemmerich (FDP): Fast h\u00e4tte es geklappt. Foto: <a href=\"https:\/\/commons.wikimedia.org\/wiki\/File:2019-10-27_Wahlabend_Th%C3%BCringen_by_Sandro_Halank%E2%80%9331.jpg\" target=\"_blank\">Sandro Halank<\/a> \/ Lizenz: <a href=\"https:\/\/creativecommons.org\/licenses\/by-sa\/4.0\/deed.en\" target=\"_blank\">CC BY-SA 4.0<\/a><\/figcaption><\/figure>\n<p>Jetzt ist er doch der gro\u00dfe Verlierer! Da wird Thomas Kemmerich von der FDP, die mit 5,0 % gerade mal so in den Th\u00fcringer Landtag gekommen war (mit einer hauchd\u00fcnnen Mehrheit von 73 Stimmen!), mithilfe von Stimmen der AfD zum Ministerpr\u00e4sidenten gew\u00e4hlt. Die Emp\u00f6rung war quer durch fast alle Parteien gro\u00df, selbst in der FDP distanzierten sich viele von Kemmerich. Denn Kemmerich w\u00e4re ein Ministerpr\u00e4sident von Benrd H\u00f6ckes Gnaden. H\u00f6cke ist Fraktionsvorsitzender der AfD im Th\u00fcringer Landtag. Er darf laut eines Gerichtsbeschlusses als Faschist bezeichnet werden.<\/p>\n<p>Bundeskanzlerin Dr. Angela Merkel hat die Wahl als &#8222;unverzeihlich&#8220; kritisiert. Kemmerich w\u00e4re erst der zweite FDP-Ministerpr\u00e4sident in der Geschichte der Bundesrepublik Deutschland.<\/p>\n<h3>Passage im Th\u00fcringer Wahlgesetz nicht erf\u00fcllt<\/h3>\n<p>Die Betonung liegt auf &#8222;w\u00e4re&#8220;. Denn nun ist schon wieder alles vorbei, bevor es angefangen hat. Bei der formal und routinem\u00e4\u00dfig durchgef\u00fchrten Durchsicht des Th\u00fcringer Wahlgesetzes stie\u00dfen die Verantwortlichen auf eine Passage, die besagt, dass das Amt des th\u00fcringischen Ministerpr\u00e4sidenten dann als best\u00e4tigt gilt, wenn dieser die Wahl angenommen habe (erf\u00fcllt) und ihm die Gratulationsgeschenke pers\u00f6nlich \u00fcbergeben worden seien. Doch die Landeschefin der Linken, Susanne Hennig-Wellsow, hatte Kemmerich den Blumenstrau\u00df als Zeichen des Protestes in einer symboltr\u00e4chtigen Geste vor die F\u00fc\u00dfe geworfen. Damit liegt keine pers\u00f6nliche \u00dcbergabe, sondern juristisch gesehen eine sogenannte unpers\u00f6nliche \u00dcbergabe vor. Der Passus ist damit nicht erf\u00fcllt und die Wahl damit ung\u00fcltig. Es m\u00fcssen nun Neuwahlen angesetzt werden.<\/p>\n<figure id=\"attachment_3308\" aria-describedby=\"caption-attachment-3308\" style=\"width: 1000px\" class=\"wp-caption alignnone\"><a href=\"https:\/\/www.keinblatt.de\/blog\/wp-content\/uploads\/2020\/02\/1000px-Logo_der_Freien_Demokraten.svg_.png\"><img loading=\"lazy\" decoding=\"async\" class=\"size-full wp-image-3308\" style=\"border: 1px solid;\" src=\"https:\/\/www.keinblatt.de\/blog\/wp-content\/uploads\/2020\/02\/1000px-Logo_der_Freien_Demokraten.svg_.png\" alt=\"FDP-Logo\" width=\"1000\" height=\"434\" srcset=\"https:\/\/www.keinblatt.de\/blog\/wp-content\/uploads\/2020\/02\/1000px-Logo_der_Freien_Demokraten.svg_.png 1000w, https:\/\/www.keinblatt.de\/blog\/wp-content\/uploads\/2020\/02\/1000px-Logo_der_Freien_Demokraten.svg_-300x130.png 300w, https:\/\/www.keinblatt.de\/blog\/wp-content\/uploads\/2020\/02\/1000px-Logo_der_Freien_Demokraten.svg_-768x333.png 768w\" sizes=\"auto, (max-width: 1000px) 100vw, 1000px\" \/><\/a><figcaption id=\"caption-attachment-3308\" class=\"wp-caption-text\">Lizenz: Freie Public Domain<\/figcaption><\/figure>\n<h3>FDP-Ministerpr\u00e4sident(en) in der Geschichte<\/h3>\n<p>Der erste und einzige FDP-Ministerpr\u00e4sident der Bundesrepublik Deutschland bleibt Reinhold Meier, der dieses Amt 1952-1953 in Baden-W\u00fcrttemberg bekleidete. Er war gleichzeitig der erste Ministerpr\u00e4sident von in Baden-W\u00fcrttemberg.<img loading=\"lazy\" decoding=\"async\" class=\"vg\" src=\"https:\/\/ssl-vg03.met.vgwort.de\/na\/5c8dab687dd445ca95749642e2f14b99\" alt=\"\" width=\"1\" height=\"1\" \/><\/p>\n<figure id=\"attachment_3309\" aria-describedby=\"caption-attachment-3309\" style=\"width: 954px\" class=\"wp-caption alignnone\"><a href=\"https:\/\/www.keinblatt.de\/blog\/wp-content\/uploads\/2020\/02\/Diagramm_zur_Wahl_des_Ministerpr\u00e4sidenten_von_Th\u00fcringen_am_5.2.2020.png\"><img loading=\"lazy\" decoding=\"async\" class=\"size-full wp-image-3309\" style=\"border: 1px solid;\" src=\"https:\/\/www.keinblatt.de\/blog\/wp-content\/uploads\/2020\/02\/Diagramm_zur_Wahl_des_Ministerpr\u00e4sidenten_von_Th\u00fcringen_am_5.2.2020.png\" alt=\"Wahl des Ministerpr\u00e4sidenten von Th\u00fcringen am 5.2.2020\" width=\"954\" height=\"573\" srcset=\"https:\/\/www.keinblatt.de\/blog\/wp-content\/uploads\/2020\/02\/Diagramm_zur_Wahl_des_Ministerpr\u00e4sidenten_von_Th\u00fcringen_am_5.2.2020.png 954w, https:\/\/www.keinblatt.de\/blog\/wp-content\/uploads\/2020\/02\/Diagramm_zur_Wahl_des_Ministerpr\u00e4sidenten_von_Th\u00fcringen_am_5.2.2020-300x180.png 300w, https:\/\/www.keinblatt.de\/blog\/wp-content\/uploads\/2020\/02\/Diagramm_zur_Wahl_des_Ministerpr\u00e4sidenten_von_Th\u00fcringen_am_5.2.2020-768x461.png 768w\" sizes=\"auto, (max-width: 954px) 100vw, 954px\" \/><\/a><figcaption id=\"caption-attachment-3309\" class=\"wp-caption-text\">Lizenz: Public Domain<\/figcaption><\/figure>\n","protected":false},"excerpt":{"rendered":"<p>Jetzt ist er doch der gro\u00dfe Verlierer! Da wird Thomas Kemmerich von der FDP, die mit 5,0 % gerade mal so in den Th\u00fcringer Landtag gekommen war (mit einer hauchd\u00fcnnen Mehrheit von 73 Stimmen!), mithilfe von Stimmen der AfD zum Ministerpr\u00e4sidenten gew\u00e4hlt. Die Emp\u00f6rung war quer durch fast alle Parteien gro\u00df, selbst in der FDP [&hellip;]<\/p>\n","protected":false},"author":1,"featured_media":0,"comment_status":"open","ping_status":"open","sticky":false,"template":"","format":"standard","meta":{"footnotes":""},"categories":[6],"tags":[700,1639,2382,255,249,1882,2378,2376,2001],"class_list":["post-3306","post","type-post","status-publish","format-standard","hentry","category-politik","tag-afd","tag-bernd-hoecke","tag-blumenstrauss","tag-die-linke","tag-fdp","tag-ministerpraesident","tag-susanne-hennig-wellsow","tag-thomas-kemmerich","tag-thueringen"],"_links":{"self":[{"href":"https:\/\/www.keinblatt.de\/blog\/wp-json\/wp\/v2\/posts\/3306","targetHints":{"allow":["GET"]}}],"collection":[{"href":"https:\/\/www.keinblatt.de\/blog\/wp-json\/wp\/v2\/posts"}],"about":[{"href":"https:\/\/www.keinblatt.de\/blog\/wp-json\/wp\/v2\/types\/post"}],"author":[{"embeddable":true,"href":"https:\/\/www.keinblatt.de\/blog\/wp-json\/wp\/v2\/users\/1"}],"replies":[{"embeddable":true,"href":"https:\/\/www.keinblatt.de\/blog\/wp-json\/wp\/v2\/comments?post=3306"}],"version-history":[{"count":0,"href":"https:\/\/www.keinblatt.de\/blog\/wp-json\/wp\/v2\/posts\/3306\/revisions"}],"wp:attachment":[{"href":"https:\/\/www.keinblatt.de\/blog\/wp-json\/wp\/v2\/media?parent=3306"}],"wp:term":[{"taxonomy":"category","embeddable":true,"href":"https:\/\/www.keinblatt.de\/blog\/wp-json\/wp\/v2\/categories?post=3306"},{"taxonomy":"post_tag","embeddable":true,"href":"https:\/\/www.keinblatt.de\/blog\/wp-json\/wp\/v2\/tags?post=3306"}],"curies":[{"name":"wp","href":"https:\/\/api.w.org\/{rel}","templated":true}]}}