{"id":3261,"date":"2020-01-20T21:25:57","date_gmt":"2020-01-20T20:25:57","guid":{"rendered":"https:\/\/www.keinblatt.de\/blog\/?p=3261"},"modified":"2025-04-03T12:06:18","modified_gmt":"2025-04-03T10:06:18","slug":"afd-ohne-raeder-keine-radunfaelle-ohne-schiffe-keine-fluechtlinge-uebers-meer-und-ohne-afd-eine-nazi-partei-weniger","status":"publish","type":"post","link":"https:\/\/www.keinblatt.de\/blog\/afd-ohne-raeder-keine-radunfaelle-ohne-schiffe-keine-fluechtlinge-uebers-meer-und-ohne-afd-eine-nazi-partei-weniger\/","title":{"rendered":"AfD: Ohne R\u00e4der keine Radunf\u00e4lle, ohne Schiffe keine Fl\u00fcchtlinge \u00fcbers Meer, ohne AfD eine Nazi-Partei weniger"},"content":{"rendered":"<figure id=\"attachment_3262\" aria-describedby=\"caption-attachment-3262\" style=\"width: 660px\" class=\"wp-caption alignnone\"><a href=\"https:\/\/www.keinblatt.de\/blog\/wp-content\/uploads\/2020\/01\/1280px-2019-04-11_Dirk_Spaniel_MdB_by_Olaf_Kosinsky-8661.jpg\"><img loading=\"lazy\" decoding=\"async\" class=\"size-large wp-image-3262\" src=\"https:\/\/www.keinblatt.de\/blog\/wp-content\/uploads\/2020\/01\/1280px-2019-04-11_Dirk_Spaniel_MdB_by_Olaf_Kosinsky-8661-1024x778.jpg\" alt=\"Dirk Spaniel\" width=\"660\" height=\"501\" srcset=\"https:\/\/www.keinblatt.de\/blog\/wp-content\/uploads\/2020\/01\/1280px-2019-04-11_Dirk_Spaniel_MdB_by_Olaf_Kosinsky-8661-1024x778.jpg 1024w, https:\/\/www.keinblatt.de\/blog\/wp-content\/uploads\/2020\/01\/1280px-2019-04-11_Dirk_Spaniel_MdB_by_Olaf_Kosinsky-8661-300x228.jpg 300w, https:\/\/www.keinblatt.de\/blog\/wp-content\/uploads\/2020\/01\/1280px-2019-04-11_Dirk_Spaniel_MdB_by_Olaf_Kosinsky-8661-768x584.jpg 768w, https:\/\/www.keinblatt.de\/blog\/wp-content\/uploads\/2020\/01\/1280px-2019-04-11_Dirk_Spaniel_MdB_by_Olaf_Kosinsky-8661.jpg 1280w\" sizes=\"auto, (max-width: 660px) 100vw, 660px\" \/><\/a><figcaption id=\"caption-attachment-3262\" class=\"wp-caption-text\">AfD-Politiker und Co-Landessprecher der AfD Baden-W\u00fcrttemberg Dirk Spaniel. Foto: <a href=\"https:\/\/commons.wikimedia.org\/wiki\/User:Olaf_Kosinsky\" target=\"_blank\">Olaf Kosinsky<\/a> \/ Lizenz: <a href=\"https:\/\/creativecommons.org\/licenses\/by-sa\/3.0\/de\/legalcode\" target=\"_blank\">licence CC BY-SA 3.0 DE<\/a><\/figcaption><\/figure>\n<p><a href=\"https:\/\/www.merkur.de\/politik\/afd-dirk-spaniel-bundestag-fahrrad-autoverkehr-shitstorm-parkplatz-bjoern-hoecke-co2-zr-13450705.html\" target=\"_blank\" rel=\"noopener noreferrer\">AfD-Politiker Dirk Spaniel sorgte mit einem Redebeitrag zum Thema f\u00fcr Aufmerksamkeit<\/a>. Er kam zu folgendem Schluss:<\/p>\n<blockquote><p>N\u00fcchtern betrachtet sind Fahrr\u00e4der in hohem Ma\u00dfe unpraktisch und gef\u00e4hrlich.<\/p><\/blockquote>\n<p>Mit anderen Worten, Fahrr\u00e4der sind die Ursache f\u00fcr Radunf\u00e4lle. Daniel setzte fort:<\/p>\n<blockquote><p>Meine Damen und Herren, diese Erkenntnis l\u00e4sst sich fortsetzen. Auch das Fl\u00fcchtlingsproblem kann man auf eine einfache Formel bringen: Ohne Schiffe g\u00e4be es keine Fl\u00fcchtlinge, die zu uns \u00fcbers Meer kommen. N\u00fcchtern betrachtet sind Schiffe f\u00fcr die Einheit von uns Bio-Deutschen in hohem Ma\u00dfe unpatriotisch und gef\u00e4hrlich. So wie wir bei den Fahrr\u00e4dern anfangen \u2013 Sie wissen, Autofahren ist geil, zumindest wenn Benzin oder Diesel in der Leitung ist \u2013, m\u00fcssen wir mit den Schiffen weitermachen. Ich propagiere hier das Flugzeug, denn hier ist mir wenig von Schleppern bekannt. Ich habe noch keinen Schlepper gesehen, der Fl\u00fcchtlinge in eine fliegende Kiste setzt und ihrem Schicksal \u00fcberl\u00e4sst. Das Schiff ist also quasi das Fahrrad. Sie verstehen mich. Wer Fahrrad f\u00e4hrt, unterst\u00fctzt sozusagen Schlepper.<\/p>\n<p>Also lassen sie mich zusammenfassen:<\/p>\n<p>Ohne R\u00e4der g\u00e4be es keine Radunf\u00e4lle, ohne Schiffe keine Fl\u00fcchtlinge \u00fcbers Meer und ohne AfD eine Nazi- \u00e4hhh\u2026 ich meine nat\u00fcrlich eine nationale Partei weniger.<\/p>\n<p>Wir sind nach der Anti-Euro-, der Anti-Fl\u00fcchtlings- und der Klimaskeptikerpartei nun die neue Autopartei. Vielen Dank f\u00fcr Ihre Automerksamkeit!<\/p><\/blockquote>\n<figure id=\"attachment_1409\" aria-describedby=\"caption-attachment-1409\" style=\"width: 640px\" class=\"wp-caption alignnone\"><img loading=\"lazy\" decoding=\"async\" class=\"size-full wp-image-1409\" src=\"https:\/\/www.keinblatt.de\/blog\/wp-content\/uploads\/2015\/04\/640px-Boat_People_from_Haiti.jpg\" alt=\"Boot People\" width=\"640\" height=\"480\" srcset=\"https:\/\/www.keinblatt.de\/blog\/wp-content\/uploads\/2015\/04\/640px-Boat_People_from_Haiti.jpg 640w, https:\/\/www.keinblatt.de\/blog\/wp-content\/uploads\/2015\/04\/640px-Boat_People_from_Haiti-300x225.jpg 300w\" sizes=\"auto, (max-width: 640px) 100vw, 640px\" \/><figcaption id=\"caption-attachment-1409\" class=\"wp-caption-text\">Fl\u00fcchtlinge auf einem \u00fcberf\u00fcllten Boot. Foto: <a href=\"https:\/\/commons.wikimedia.org\/wiki\/File:Boat_People_from_Haiti.jpg?uselang=de\" target=\"_blank\">John Edwards<\/a> \/ Lizenz: Public Domain<\/figcaption><\/figure>\n","protected":false},"excerpt":{"rendered":"<p>AfD-Politiker Dirk Spaniel sorgte mit einem Redebeitrag zum Thema f\u00fcr Aufmerksamkeit. Er kam zu folgendem Schluss: N\u00fcchtern betrachtet sind Fahrr\u00e4der in hohem Ma\u00dfe unpraktisch und gef\u00e4hrlich. Mit anderen Worten, Fahrr\u00e4der sind die Ursache f\u00fcr Radunf\u00e4lle. Daniel setzte fort: Meine Damen und Herren, diese Erkenntnis l\u00e4sst sich fortsetzen. Auch das Fl\u00fcchtlingsproblem kann man auf eine einfache [&hellip;]<\/p>\n","protected":false},"author":1,"featured_media":0,"comment_status":"open","ping_status":"open","sticky":false,"template":"","format":"standard","meta":{"footnotes":""},"categories":[977,6,9],"tags":[700,241,393,866,1116,168,2235,2334,861,2335,934,1299,1966,1660],"class_list":["post-3261","post","type-post","status-publish","format-standard","hentry","category-konflikteterrormilitaer","category-politik","category-verkehr","tag-afd","tag-asyl","tag-auslaender","tag-autofahren","tag-fahrraeder","tag-fluechtlinge","tag-flugzeug","tag-meer","tag-mittelmeer","tag-nationalismus","tag-nationalsozialismus","tag-nazis","tag-schiffe","tag-schlepper"],"_links":{"self":[{"href":"https:\/\/www.keinblatt.de\/blog\/wp-json\/wp\/v2\/posts\/3261","targetHints":{"allow":["GET"]}}],"collection":[{"href":"https:\/\/www.keinblatt.de\/blog\/wp-json\/wp\/v2\/posts"}],"about":[{"href":"https:\/\/www.keinblatt.de\/blog\/wp-json\/wp\/v2\/types\/post"}],"author":[{"embeddable":true,"href":"https:\/\/www.keinblatt.de\/blog\/wp-json\/wp\/v2\/users\/1"}],"replies":[{"embeddable":true,"href":"https:\/\/www.keinblatt.de\/blog\/wp-json\/wp\/v2\/comments?post=3261"}],"version-history":[{"count":0,"href":"https:\/\/www.keinblatt.de\/blog\/wp-json\/wp\/v2\/posts\/3261\/revisions"}],"wp:attachment":[{"href":"https:\/\/www.keinblatt.de\/blog\/wp-json\/wp\/v2\/media?parent=3261"}],"wp:term":[{"taxonomy":"category","embeddable":true,"href":"https:\/\/www.keinblatt.de\/blog\/wp-json\/wp\/v2\/categories?post=3261"},{"taxonomy":"post_tag","embeddable":true,"href":"https:\/\/www.keinblatt.de\/blog\/wp-json\/wp\/v2\/tags?post=3261"}],"curies":[{"name":"wp","href":"https:\/\/api.w.org\/{rel}","templated":true}]}}