{"id":325,"date":"2013-10-30T23:01:13","date_gmt":"2013-10-30T22:01:13","guid":{"rendered":"http:\/\/www.keinblatt.de\/blog\/?p=325"},"modified":"2015-06-23T22:43:01","modified_gmt":"2015-06-23T20:43:01","slug":"seehofer-rueckt-von-vorratsdatenspeicherung-ab-da-die-geheimdienste-ohnehin-schon-alles-speichern","status":"publish","type":"post","link":"https:\/\/www.keinblatt.de\/blog\/seehofer-rueckt-von-vorratsdatenspeicherung-ab-da-die-geheimdienste-ohnehin-schon-alles-speichern\/","title":{"rendered":"Seehofer r\u00fcckt von Vorratsdatenspeicherung ab \u2013 da die Geheimdienste ohnehin schon alles speichern"},"content":{"rendered":"<figure id=\"attachment_139\" aria-describedby=\"caption-attachment-139\" style=\"width: 199px\" class=\"wp-caption alignleft\"><a href=\"https:\/\/www.keinblatt.de\/blog\/wp-content\/uploads\/2013\/08\/6747891465_c1bf486667_b.jpg\"><img loading=\"lazy\" decoding=\"async\" class=\"size-medium wp-image-139\" src=\"https:\/\/www.keinblatt.de\/blog\/wp-content\/uploads\/2013\/08\/6747891465_c1bf486667_b-199x300.jpg\" alt=\"Horst Seehofer\" width=\"199\" height=\"300\" srcset=\"https:\/\/www.keinblatt.de\/blog\/wp-content\/uploads\/2013\/08\/6747891465_c1bf486667_b-199x300.jpg 199w, https:\/\/www.keinblatt.de\/blog\/wp-content\/uploads\/2013\/08\/6747891465_c1bf486667_b-624x939.jpg 624w, https:\/\/www.keinblatt.de\/blog\/wp-content\/uploads\/2013\/08\/6747891465_c1bf486667_b.jpg 680w\" sizes=\"auto, (max-width: 199px) 100vw, 199px\" \/><\/a><figcaption id=\"caption-attachment-139\" class=\"wp-caption-text\">Seehofer h\u00e4lt die Vorratsdatenspeicherung nun f\u00fcr verzichtbar. Foto: <a href=\"https:\/\/www.flickr.com\/photos\/hubertburdamedia\/6747891465\/\" target=\"_blank\">Hubert Burda Media<\/a> \/ Lizenz: <a href=\"https:\/\/creativecommons.org\/licenses\/by-nc-sa\/2.0\/\" target=\"_blank\">CC BY-NC-SA 2.0<\/a><\/figcaption><\/figure>\n<p>Der bayerische Ministerpr\u00e4sident und CSU-Chef, Horst Seehofer, der daf\u00fcr bekannt ist, immer mal wieder seine Meinung radikal zu \u00e4ndern, was ihm den Spitznamen <em>Drehhofer<\/em> einbrachte, kann sich nun doch vorstellen, von der Vorratsdatenspeicherung abzur\u00fccken bzw. zumindest den Zeitraum, in dem die Daten gespeichert werden, drastisch zu verk\u00fcrzen. Offenbar will Seehofer in Zeiten von NSA-Sp\u00e4haff\u00e4re und Handygate in der Netzgemeinde Punkte sammeln. Die EU pocht weiterhin darauf, dass Deutschland die Verbindungsdaten sechs Monate vorhalten muss. Bislang wurde die Vorratsdatenspeicherung nicht umgesetzt, da sie die FDP ablehnte. Die EU drohte bereits mit empfindlichen Bu\u00dfgeldern.<\/p>\n<figure id=\"attachment_326\" aria-describedby=\"caption-attachment-326\" style=\"width: 225px\" class=\"wp-caption alignright\"><a href=\"https:\/\/www.keinblatt.de\/blog\/wp-content\/uploads\/2013\/10\/2393972910_0e3fff950f_b.jpg\"><img loading=\"lazy\" decoding=\"async\" class=\"size-medium wp-image-326\" src=\"https:\/\/www.keinblatt.de\/blog\/wp-content\/uploads\/2013\/10\/2393972910_0e3fff950f_b-225x300.jpg\" alt=\"Rechenzentrum\" width=\"225\" height=\"300\" srcset=\"https:\/\/www.keinblatt.de\/blog\/wp-content\/uploads\/2013\/10\/2393972910_0e3fff950f_b-225x300.jpg 225w, https:\/\/www.keinblatt.de\/blog\/wp-content\/uploads\/2013\/10\/2393972910_0e3fff950f_b-624x832.jpg 624w, https:\/\/www.keinblatt.de\/blog\/wp-content\/uploads\/2013\/10\/2393972910_0e3fff950f_b.jpg 768w\" sizes=\"auto, (max-width: 225px) 100vw, 225px\" \/><\/a><figcaption id=\"caption-attachment-326\" class=\"wp-caption-text\">Sammeln, sammeln, sammeln! Foto: <a href=\"https:\/\/www.flickr.com\/photos\/habi\/2393972910\/in\/set-72157604412687598\/\" target=\"_blank\">David Haberth\u00fcr<\/a> \/ Lizenz: <a href=\"https:\/\/creativecommons.org\/licenses\/by-nc\/2.0\/\" target=\"_blank\">CC BY-NC 2.0<\/a><\/figcaption><\/figure>\n<p>Ein Vertrauter berichtet aus den Koalitionsverhandlungen, Seehofer habe gesagt, dass gleich mehrere Geheimdienste ohnehin alle erdenklichen Daten aufzeichnen und \u00fcber Systeme verf\u00fcgen w\u00fcrden, die diese Daten bis zu zehn Jahre oder gar f\u00fcr alle Ewigkeit speichern k\u00f6nnten. Bei so einer umfassenden \u00dcberwachung und Protokollierung der gesamten Kommunikation der Bev\u00f6lkerung sei die Vorratsdatenspeicherung praktisch \u00fcberfl\u00fcssig, da sie v\u00f6llig redundant sei.<\/p>\n<p>Man darf gespannt sein, wie die Koalitionsgespr\u00e4che in dieser Hinsicht verlaufen und welche Regelung letztlich in den Koalitionsvertrag wandern wird.<\/p>\n","protected":false},"excerpt":{"rendered":"<p>Der bayerische Ministerpr\u00e4sident und CSU-Chef, Horst Seehofer, der daf\u00fcr bekannt ist, immer mal wieder seine Meinung radikal zu \u00e4ndern, was ihm den Spitznamen Drehhofer einbrachte, kann sich nun doch vorstellen, von der Vorratsdatenspeicherung abzur\u00fccken bzw. zumindest den Zeitraum, in dem die Daten gespeichert werden, drastisch zu verk\u00fcrzen. Offenbar will Seehofer in Zeiten von NSA-Sp\u00e4haff\u00e4re und [&hellip;]<\/p>\n","protected":false},"author":1,"featured_media":0,"comment_status":"open","ping_status":"open","sticky":false,"template":"","format":"standard","meta":{"footnotes":""},"categories":[2,7,6,17],"tags":[885,240,270,886,333],"class_list":["post-325","post","type-post","status-publish","format-standard","hentry","category-gesellschaftliches","category-kriminalitat","category-politik","category-technik","tag-abhoeraffaere","tag-horst-seehofer","tag-nsa","tag-spaehaffaere","tag-vorratsdatenspeicherung"],"_links":{"self":[{"href":"https:\/\/www.keinblatt.de\/blog\/wp-json\/wp\/v2\/posts\/325","targetHints":{"allow":["GET"]}}],"collection":[{"href":"https:\/\/www.keinblatt.de\/blog\/wp-json\/wp\/v2\/posts"}],"about":[{"href":"https:\/\/www.keinblatt.de\/blog\/wp-json\/wp\/v2\/types\/post"}],"author":[{"embeddable":true,"href":"https:\/\/www.keinblatt.de\/blog\/wp-json\/wp\/v2\/users\/1"}],"replies":[{"embeddable":true,"href":"https:\/\/www.keinblatt.de\/blog\/wp-json\/wp\/v2\/comments?post=325"}],"version-history":[{"count":0,"href":"https:\/\/www.keinblatt.de\/blog\/wp-json\/wp\/v2\/posts\/325\/revisions"}],"wp:attachment":[{"href":"https:\/\/www.keinblatt.de\/blog\/wp-json\/wp\/v2\/media?parent=325"}],"wp:term":[{"taxonomy":"category","embeddable":true,"href":"https:\/\/www.keinblatt.de\/blog\/wp-json\/wp\/v2\/categories?post=325"},{"taxonomy":"post_tag","embeddable":true,"href":"https:\/\/www.keinblatt.de\/blog\/wp-json\/wp\/v2\/tags?post=325"}],"curies":[{"name":"wp","href":"https:\/\/api.w.org\/{rel}","templated":true}]}}