{"id":323,"date":"2013-10-29T23:26:52","date_gmt":"2013-10-29T22:26:52","guid":{"rendered":"http:\/\/www.keinblatt.de\/blog\/?p=323"},"modified":"2015-06-24T00:09:35","modified_gmt":"2015-06-23T22:09:35","slug":"grosse-koalition-steht-naechste-woche-ueberraschung-garantiert","status":"publish","type":"post","link":"https:\/\/www.keinblatt.de\/blog\/grosse-koalition-steht-naechste-woche-ueberraschung-garantiert\/","title":{"rendered":"Gro\u00dfe Koalition steht n\u00e4chste Woche \u2013 \u00dcberraschung garantiert"},"content":{"rendered":"<p>Die Spannung ist zum Zerrei\u00dfen gespannt. Noch laufen die Verhandlungen zur gr\u00f6\u00dften Gro\u00dfen Koalition der bundesrepublikanischen Geschichte. Bislang drang wenig nach au\u00dfen. Doch fast ganz Deutschland fragt sich, was mit dem Betreuungsgeld und mit dem Mindestlohn werde, ob die von Horst Seehofer angedrohte Ausl\u00e4ndermaut komme und wie stark die Steuern nicht erh\u00f6ht werden. Noch wichtiger als die Sachfragen sind sicherlich die Personalien, davon lebt ja die Klatschpresse. Also: Wer wird Au\u00dfenminister, bleibt Wolfgang Sch\u00e4uble der Dagobert Duck \u00fcber die Geldspeicher und was wird aus dem Dicken?<\/p>\n<p>Urspr\u00fcnglich wurde bef\u00fcrchtet, die Verhandlungen k\u00f6nnten sich noch \u00fcber Jahre hinziehen und die FDP damit noch lange ihr Gnadenbrot fressen. Nun soll aber doch alles relativ schnell gehen.<\/p>\n<figure id=\"attachment_324\" aria-describedby=\"caption-attachment-324\" style=\"width: 262px\" class=\"wp-caption alignleft\"><a href=\"https:\/\/www.keinblatt.de\/blog\/wp-content\/uploads\/2013\/10\/Ronald_Pofalla_2007.jpg\"><img loading=\"lazy\" decoding=\"async\" class=\"size-medium wp-image-324\" src=\"https:\/\/www.keinblatt.de\/blog\/wp-content\/uploads\/2013\/10\/Ronald_Pofalla_2007-262x300.jpg\" alt=\"Ronald Pofalla\" width=\"262\" height=\"300\" srcset=\"https:\/\/www.keinblatt.de\/blog\/wp-content\/uploads\/2013\/10\/Ronald_Pofalla_2007-262x300.jpg 262w, https:\/\/www.keinblatt.de\/blog\/wp-content\/uploads\/2013\/10\/Ronald_Pofalla_2007.jpg 525w\" sizes=\"auto, (max-width: 262px) 100vw, 262px\" \/><\/a><figcaption id=\"caption-attachment-324\" class=\"wp-caption-text\">Ronald Pofalla: &#8222;Gro\u00dfe Koalition steht n\u00e4chste Woche!&#8220; Foto: <a href=\"https:\/\/commons.wikimedia.org\/wiki\/File:Ronald_Pofalla_2007.jpg\" target=\"_blank\">CDU\/slomifoto.de<\/a> Lizenz: <a href=\"https:\/\/creativecommons.org\/licenses\/by-sa\/3.0\/de\/deed.en\" target=\"_blank\">CC BY-SA 3.0 DE<\/a><\/figcaption><\/figure>\n<p>Wie Kanzleramtschef Ronald Pofalla (CDU) eben der Presse bekanntgab, bef\u00e4nden sich die Koalitionsverhandlungen bereits in der Schlussphase. Man habe sich schon jetzt in nahezu allen strittigen Punkten verst\u00e4ndigt. Es ginge jetzt nur noch um diverse Details. Man werde auf jeden Fall in der n\u00e4chsten Arbeitswoche zu einer Einigung kommen. Die Gro\u00dfe Koalition werde also n\u00e4chste Woche stehen, das ist die Woche vom 4. bis zum 8. November. Wenn es so weit sei, werde man \u2013 so wie es die Tradition wolle \u2013 am sp\u00e4ten Vormittag eine Pressekonferenz einberufen und die \u00d6ffentlichkeit \u00fcber die Rahmendaten der Einigung informieren. &#8222;Der Zeitpunkt wird f\u00fcr Sie v\u00f6llig \u00fcberraschend sein&#8220;, f\u00fcgt\u00a0Pofalla an.<\/p>\n<p>Zun\u00e4chst klingt das gut. Wenn man aber ein St\u00fcckchen weiterdenkt, scheidet der Freitag (8. November) aus, denn wenn von Montag bis Donnerstag keine Entscheidung bekanntgegeben worden w\u00e4re, dann bliebe eben nur der Freitag, dann w\u00e4re es aber nicht unerwartet.<\/p>\n<p>Kommen also nur die ersten vier Tage der Woche infrage. Doch hier stellt sich das gleiche Problem, der Donnerstag w\u00e4re ja keineswegs \u00fcberraschend, sondern offensichtlich, wenn sich die ersten drei Tage nichts getan h\u00e4tte. Damit kann es auch der Donnerstag nicht sein.<\/p>\n<p>Setzt man diese \u00dcberlegungen fort, verk\u00fcrzt sich der Zeitraum weiter und schlussendlich bliebe nur der Montag (4. November). Werden wir also am Montag \u00fcber unsere neue Regierung informiert werden? Wohl kaum, denn dann w\u00fcssten wir ja jetzt schon, dass es der Montag w\u00e4re, und damit w\u00e4re es wiederum nicht \u00fcberraschend.<\/p>\n<p>Damit kann es unter diesen Voraussetzungen\u00a0keine Gro\u00dfe Koalition geben. Will uns Pofalla somit auf eine Minderheitsregierung oder gar auf Neuwahlen einstimmen?<img loading=\"lazy\" decoding=\"async\" class=\"vg\" src=\"https:\/\/ssl-vg03.met.vgwort.de\/na\/c59879d5e7db476a98a5d4961fcfa707\" alt=\"\" width=\"1\" height=\"1\" \/><\/p>\n","protected":false},"excerpt":{"rendered":"<p>Die Spannung ist zum Zerrei\u00dfen gespannt. Noch laufen die Verhandlungen zur gr\u00f6\u00dften Gro\u00dfen Koalition der bundesrepublikanischen Geschichte. Bislang drang wenig nach au\u00dfen. Doch fast ganz Deutschland fragt sich, was mit dem Betreuungsgeld und mit dem Mindestlohn werde, ob die von Horst Seehofer angedrohte Ausl\u00e4ndermaut komme und wie stark die Steuern nicht erh\u00f6ht werden. Noch wichtiger [&hellip;]<\/p>\n","protected":false},"author":1,"featured_media":0,"comment_status":"open","ping_status":"open","sticky":false,"template":"","format":"standard","meta":{"footnotes":""},"categories":[6],"tags":[160,161,579],"class_list":["post-323","post","type-post","status-publish","format-standard","hentry","category-politik","tag-groko","tag-grosse-koalition","tag-ronald-pofalla"],"_links":{"self":[{"href":"https:\/\/www.keinblatt.de\/blog\/wp-json\/wp\/v2\/posts\/323","targetHints":{"allow":["GET"]}}],"collection":[{"href":"https:\/\/www.keinblatt.de\/blog\/wp-json\/wp\/v2\/posts"}],"about":[{"href":"https:\/\/www.keinblatt.de\/blog\/wp-json\/wp\/v2\/types\/post"}],"author":[{"embeddable":true,"href":"https:\/\/www.keinblatt.de\/blog\/wp-json\/wp\/v2\/users\/1"}],"replies":[{"embeddable":true,"href":"https:\/\/www.keinblatt.de\/blog\/wp-json\/wp\/v2\/comments?post=323"}],"version-history":[{"count":0,"href":"https:\/\/www.keinblatt.de\/blog\/wp-json\/wp\/v2\/posts\/323\/revisions"}],"wp:attachment":[{"href":"https:\/\/www.keinblatt.de\/blog\/wp-json\/wp\/v2\/media?parent=323"}],"wp:term":[{"taxonomy":"category","embeddable":true,"href":"https:\/\/www.keinblatt.de\/blog\/wp-json\/wp\/v2\/categories?post=323"},{"taxonomy":"post_tag","embeddable":true,"href":"https:\/\/www.keinblatt.de\/blog\/wp-json\/wp\/v2\/tags?post=323"}],"curies":[{"name":"wp","href":"https:\/\/api.w.org\/{rel}","templated":true}]}}