{"id":3173,"date":"2019-11-27T00:27:12","date_gmt":"2019-11-26T23:27:12","guid":{"rendered":"https:\/\/www.keinblatt.de\/blog\/?p=3173"},"modified":"2019-11-27T10:50:56","modified_gmt":"2019-11-27T09:50:56","slug":"die-im-gruenen-gewoelbe-entwendeten-juwelen-wurden-erfolgreich-bei-bares-fuer-rares-verkauft","status":"publish","type":"post","link":"https:\/\/www.keinblatt.de\/blog\/die-im-gruenen-gewoelbe-entwendeten-juwelen-wurden-erfolgreich-bei-bares-fuer-rares-verkauft\/","title":{"rendered":"Die im Gr\u00fcnen Gew\u00f6lbe entwendeten Juwelen wurden erfolgreich bei Bares f\u00fcr Rares verkauft"},"content":{"rendered":"<figure id=\"attachment_3174\" aria-describedby=\"caption-attachment-3174\" style=\"width: 660px\" class=\"wp-caption alignnone\"><a href=\"https:\/\/www.keinblatt.de\/blog\/wp-content\/uploads\/2019\/11\/10XJuwelenXgroX-637103717541666183-scaled.jpg\"><img loading=\"lazy\" decoding=\"async\" class=\"size-large wp-image-3174\" src=\"https:\/\/www.keinblatt.de\/blog\/wp-content\/uploads\/2019\/11\/10XJuwelenXgroX-637103717541666183-1024x585.jpg\" alt=\"Gr\u00fcnes Gew\u00f6lbe, gestohlene Gegenst\u00e4nde\" width=\"660\" height=\"377\" srcset=\"https:\/\/www.keinblatt.de\/blog\/wp-content\/uploads\/2019\/11\/10XJuwelenXgroX-637103717541666183-1024x585.jpg 1024w, https:\/\/www.keinblatt.de\/blog\/wp-content\/uploads\/2019\/11\/10XJuwelenXgroX-637103717541666183-300x171.jpg 300w, https:\/\/www.keinblatt.de\/blog\/wp-content\/uploads\/2019\/11\/10XJuwelenXgroX-637103717541666183-768x439.jpg 768w, https:\/\/www.keinblatt.de\/blog\/wp-content\/uploads\/2019\/11\/10XJuwelenXgroX-637103717541666183-1536x878.jpg 1536w, https:\/\/www.keinblatt.de\/blog\/wp-content\/uploads\/2019\/11\/10XJuwelenXgroX-637103717541666183-2048x1170.jpg 2048w\" sizes=\"auto, (max-width: 660px) 100vw, 660px\" \/><\/a><figcaption id=\"caption-attachment-3174\" class=\"wp-caption-text\">Collage einiger der gestohlenen Juwelen aus dem Gr\u00fcnen Gew\u00f6lbe. Quelle: Polizei Sachsen<\/figcaption><\/figure>\n<p>Am 25.11.2019 wurde in aller Fr\u00fch in das Gr\u00fcne Gew\u00f6lbe in Dresden eingebrochen. Dabei wurden mehrere Dutzend Schmuckst\u00fccke entwendet, deren Gesamtwert sch\u00e4tzungsweise bei bis zu 1 Milliarde Euro liegt. Es handelt sich dabei um den gr\u00f6\u00dften Kunstdiebstahl der modernen Geschichte.<\/p>\n<p>Gestohlen wurden vom Diamantschmuck und den Perlen der K\u00f6niginnen eine diamantbesetzte Aigrette f\u00fcr das Haar in Sonnenform, eine edelsteinbesetzte Aigrette f\u00fcr das Haar in Form einer Mondsichel, eine Kette aus 177 s\u00e4chsischen Perlen und eine gro\u00dfe Brustschleife. Aus der Diamantrosengarnitur fehlen eine Epaulette, eine Hutagraffe, ein Degen mit Scheide und ein Kleinod des Polnischen Wei\u00dfen-Adler-Ordens. Bei der Brillantgarnitur gelten ein Schmuckst\u00fcck in Palmettenform und ein Bruststern des Polnischen Wei\u00dfen-Adler-Ordens als vermisst.<\/p>\n<h3>Bislang war der Wert der Exponate nicht genau bekannt \u2013 dank Expertenmeinung der Bares-f\u00fcr-Rares-Experten kennt man ihn nun<\/h3>\n<p>Doch wie unsere Recherchen ergaben, sind bereits fast alle Gegenst\u00e4nde wieder aufgetaucht. Sie wurden in der ZDF-Tr\u00f6del- und Kunstshow &#8222;Bares f\u00fcr Rares&#8220; verkauft, die t\u00e4glich ausgestrahlt wird. Als Verk\u00e4ufer traten Schauspieler auf, die ersten Erkenntnissen direkt aus dem T\u00e4terumfeld stammen.<\/p>\n<p>Den Bares-f\u00fcr-Rares-Experten war nicht bewusst, welche besonderen Gegenst\u00e4nde angeboten wurden. Bares-f\u00fcr-Rares-Moderator Horst Lichter gibt sich kritisch: &#8222;Wir haben einfach nicht damit gerechnet, dass ausgerechnet bei uns Schmuckst\u00fccke angeboten werden. Stellen Sie sich vor, echter Schmuck \u2013 bei uns \u2026 Wir sind sonst ja froh, wenn wir besseren Tr\u00f6del pr\u00e4sentieren k\u00f6nnen \u2026&#8220;<\/p>\n<p>Bislang wurde bekannt, dass einige Schmuckst\u00fccke weit unter Wert verkauft wurden. Dennoch soll es f\u00fcr die T\u00e4ter ein \u00e4u\u00dferst lohnenswertes Gesch\u00e4ft gewesen sein. Die bereits aufgezeichneten Folgen sind nun von der Kripo Sachsen beschlagnahmt worden. Mit den Aufzeichnungen will die Kripo Erkenntnisse zu den T\u00e4tern gewinnen. Die Bares-f\u00fcr-Rares-Moderator-H\u00e4ndler und -Mitarbeiter wurden und werden von der Polizei verh\u00f6rt. Ob sie der Hehlerei angeklagt werden, wird noch gepr\u00fcft.<\/p>\n<p>Das ZDF will nun trotz des Imageschadens auf den Sendepl\u00e4tzen \u00e4ltere Bares-f\u00fcr-Rares-Folgen wiederholen.<img loading=\"lazy\" decoding=\"async\" class=\"vg\" src=\"https:\/\/ssl-vg03.met.vgwort.de\/na\/78e81ac258674ff0afbbe040b37f96d0\" alt=\"\" width=\"1\" height=\"1\" \/><\/p>\n<figure id=\"attachment_3175\" aria-describedby=\"caption-attachment-3175\" style=\"width: 660px\" class=\"wp-caption alignnone\"><a href=\"https:\/\/www.keinblatt.de\/blog\/wp-content\/uploads\/2019\/11\/1191px-Horst_Lichter_2014-01_retusche.jpg\"><img loading=\"lazy\" decoding=\"async\" class=\"size-large wp-image-3175\" src=\"https:\/\/www.keinblatt.de\/blog\/wp-content\/uploads\/2019\/11\/1191px-Horst_Lichter_2014-01_retusche-1024x880.jpg\" alt=\"Horst Lichter\" width=\"660\" height=\"567\" srcset=\"https:\/\/www.keinblatt.de\/blog\/wp-content\/uploads\/2019\/11\/1191px-Horst_Lichter_2014-01_retusche-1024x880.jpg 1024w, https:\/\/www.keinblatt.de\/blog\/wp-content\/uploads\/2019\/11\/1191px-Horst_Lichter_2014-01_retusche-300x258.jpg 300w, https:\/\/www.keinblatt.de\/blog\/wp-content\/uploads\/2019\/11\/1191px-Horst_Lichter_2014-01_retusche-768x660.jpg 768w, https:\/\/www.keinblatt.de\/blog\/wp-content\/uploads\/2019\/11\/1191px-Horst_Lichter_2014-01_retusche.jpg 1191w\" sizes=\"auto, (max-width: 660px) 100vw, 660px\" \/><\/a><figcaption id=\"caption-attachment-3175\" class=\"wp-caption-text\">Bares-f\u00fcr-Rares-Moderator Horst Lichter: &#8222;Wir konnten nicht damit rechnen, dass bei uns echter Schmuck landet! Sonst h\u00e4tten wir sofort Polizei und Presse informiert!&#8220; \u2013 Foto: <a href=\"https:\/\/commons.wikimedia.org\/wiki\/File:Horst_Lichter,_2014-(01)_retusche.jpg\" target=\"_blank\">www.sommer-in-hamburg.de, derivative work L\u00e4mpel<\/a> \/ Lizenz: <a href=\"https:\/\/creativecommons.org\/licenses\/by\/2.0\/deed.en\" target=\"_blank\">CC BY 2.0<\/a><\/figcaption><\/figure>\n","protected":false},"excerpt":{"rendered":"<p>Am 25.11.2019 wurde in aller Fr\u00fch in das Gr\u00fcne Gew\u00f6lbe in Dresden eingebrochen. Dabei wurden mehrere Dutzend Schmuckst\u00fccke entwendet, deren Gesamtwert sch\u00e4tzungsweise bei bis zu 1 Milliarde Euro liegt. Es handelt sich dabei um den gr\u00f6\u00dften Kunstdiebstahl der modernen Geschichte. Gestohlen wurden vom Diamantschmuck und den Perlen der K\u00f6niginnen eine diamantbesetzte Aigrette f\u00fcr das Haar [&hellip;]<\/p>\n","protected":false},"author":1,"featured_media":0,"comment_status":"open","ping_status":"open","sticky":false,"template":"","format":"standard","meta":{"footnotes":""},"categories":[7,19],"tags":[2220,2217,2223,1117,427,2221,2218,2225,2222,2227,2224,2219,2226,92],"class_list":["post-3173","post","type-post","status-publish","format-standard","hentry","category-kriminalitat","category-kunst-kultur","tag-antiquitaeten","tag-bares-fuer-rares","tag-diamanten","tag-diebstahl","tag-dresden","tag-einbruch","tag-gruenes-gewoelbe","tag-hehlerei","tag-horst-lichter","tag-juwelen","tag-museum","tag-schmuck","tag-troedel","tag-zdf"],"_links":{"self":[{"href":"https:\/\/www.keinblatt.de\/blog\/wp-json\/wp\/v2\/posts\/3173","targetHints":{"allow":["GET"]}}],"collection":[{"href":"https:\/\/www.keinblatt.de\/blog\/wp-json\/wp\/v2\/posts"}],"about":[{"href":"https:\/\/www.keinblatt.de\/blog\/wp-json\/wp\/v2\/types\/post"}],"author":[{"embeddable":true,"href":"https:\/\/www.keinblatt.de\/blog\/wp-json\/wp\/v2\/users\/1"}],"replies":[{"embeddable":true,"href":"https:\/\/www.keinblatt.de\/blog\/wp-json\/wp\/v2\/comments?post=3173"}],"version-history":[{"count":0,"href":"https:\/\/www.keinblatt.de\/blog\/wp-json\/wp\/v2\/posts\/3173\/revisions"}],"wp:attachment":[{"href":"https:\/\/www.keinblatt.de\/blog\/wp-json\/wp\/v2\/media?parent=3173"}],"wp:term":[{"taxonomy":"category","embeddable":true,"href":"https:\/\/www.keinblatt.de\/blog\/wp-json\/wp\/v2\/categories?post=3173"},{"taxonomy":"post_tag","embeddable":true,"href":"https:\/\/www.keinblatt.de\/blog\/wp-json\/wp\/v2\/tags?post=3173"}],"curies":[{"name":"wp","href":"https:\/\/api.w.org\/{rel}","templated":true}]}}