{"id":3170,"date":"2019-11-24T23:01:56","date_gmt":"2019-11-24T22:01:56","guid":{"rendered":"https:\/\/www.keinblatt.de\/blog\/?p=3170"},"modified":"2019-11-29T21:10:46","modified_gmt":"2019-11-29T20:10:46","slug":"erneute-verzoegerung-beim-ber-scheiben-wurden-von-tesla-geliefert-und-muessen-ausgetauscht-werden","status":"publish","type":"post","link":"https:\/\/www.keinblatt.de\/blog\/erneute-verzoegerung-beim-ber-scheiben-wurden-von-tesla-geliefert-und-muessen-ausgetauscht-werden\/","title":{"rendered":"Erneute Verz\u00f6gerung beim BER: Scheiben wurden von Tesla geliefert und m\u00fcssen ausgetauscht werden"},"content":{"rendered":"<figure id=\"attachment_320\" aria-describedby=\"caption-attachment-320\" style=\"width: 1024px\" class=\"wp-caption alignnone\"><a href=\"https:\/\/www.keinblatt.de\/blog\/wp-content\/uploads\/2013\/10\/9790044604_cf51aaacd6_b.jpg\"><img loading=\"lazy\" decoding=\"async\" class=\"size-full wp-image-320\" src=\"https:\/\/www.keinblatt.de\/blog\/wp-content\/uploads\/2013\/10\/9790044604_cf51aaacd6_b.jpg\" alt=\"Flughafen BER\" width=\"1024\" height=\"683\" srcset=\"https:\/\/www.keinblatt.de\/blog\/wp-content\/uploads\/2013\/10\/9790044604_cf51aaacd6_b.jpg 1024w, https:\/\/www.keinblatt.de\/blog\/wp-content\/uploads\/2013\/10\/9790044604_cf51aaacd6_b-300x200.jpg 300w, https:\/\/www.keinblatt.de\/blog\/wp-content\/uploads\/2013\/10\/9790044604_cf51aaacd6_b-624x416.jpg 624w\" sizes=\"auto, (max-width: 1024px) 100vw, 1024px\" \/><\/a><figcaption id=\"caption-attachment-320\" class=\"wp-caption-text\">Flughafen BER. Das viele Glas, das hier anteilsm\u00e4\u00df9ig zu sehen ist, muss nun ersetzt werden! Foto: chrisK \/ Lizenz: <a href=\"https:\/\/creativecommons.org\/licenses\/by-nc-nd\/2.0\/\" target=\"_blank\">CC BY-NC-ND 2.0<\/a><\/figcaption><\/figure>\n<p>Wieder einmal verz\u00f6gert sich die Er\u00f6ffnung des BER Hauptstadtflughafens. Wie das Flughafenmanagement inzwischen best\u00e4tigt hat, wurden die Bauten des Hauptstadtflughafens fast durchgehend mit Fensterscheiben von <a href=\"https:\/\/www.stuttgarter-nachrichten.de\/inhalt.panne-bei-panzerglas-tesla-zeigt-futuristischen-elektro-pick-up.79e1618f-aa91-44e3-8cfd-7390b69a1c45.html\" target=\"_blank\" rel=\"noopener noreferrer\">Tesla<\/a> ausgestattet. Die Scheiben m\u00fcssen nun alle \u00fcberpr\u00fcft werden. Es ist davon auszugehen, dass 15.000 qm Scheiben ausgetauscht werden m\u00fcssen. Die Sicherheit der Flughafeng\u00e4ste und des Personals stehe im Vordergrund, so das Flughafenmanagement.<\/p>\n<p>Das derzeit verwendete Glas habe jedoch dazu beigetragen, dass der Flughafen sich im Brandfall weitgehend von selbst entraucht h\u00e4tte. Das Entrauchungskonzept m\u00fcsse daher auch noch einmal grundlegend \u00fcberpr\u00fcft und gegebenenfalls modifiziert werden, so ein Pressesprecher.<\/p>\n<p>Ein neuer Er\u00f6ffnungstermin steht noch nicht fest. Wieder einmal entsteht der Eindruck, dass hier viel Geld zum Fenster hinausgeworfen wurde.<\/p>\n<figure id=\"attachment_290\" aria-describedby=\"caption-attachment-290\" style=\"width: 800px\" class=\"wp-caption alignnone\"><a href=\"https:\/\/www.keinblatt.de\/blog\/wp-content\/uploads\/2013\/10\/BER_Terminal-006.jpg\"><img loading=\"lazy\" decoding=\"async\" class=\"size-full wp-image-290\" src=\"https:\/\/www.keinblatt.de\/blog\/wp-content\/uploads\/2013\/10\/BER_Terminal-006.jpg\" alt=\"BER Terminal\" width=\"800\" height=\"600\" srcset=\"https:\/\/www.keinblatt.de\/blog\/wp-content\/uploads\/2013\/10\/BER_Terminal-006.jpg 800w, https:\/\/www.keinblatt.de\/blog\/wp-content\/uploads\/2013\/10\/BER_Terminal-006-300x225.jpg 300w, https:\/\/www.keinblatt.de\/blog\/wp-content\/uploads\/2013\/10\/BER_Terminal-006-624x468.jpg 624w\" sizes=\"auto, (max-width: 800px) 100vw, 800px\" \/><\/a><figcaption id=\"caption-attachment-290\" class=\"wp-caption-text\">Die Abflughalle des BER. Auch hier wurde viel Glas verbaut. Foto: <a href=\"https:\/\/commons.wikimedia.org\/wiki\/File:BER_Terminal-006.JPG\" target=\"_blank\">Fridolin freudenfett (Peter Kuley)<\/a> \/ Lizenz: <a href=\"https:\/\/creativecommons.org\/licenses\/by-sa\/3.0\/deed.en\" target=\"_blank\">CC BY-SA 3.0<\/a><\/figcaption><\/figure>\n","protected":false},"excerpt":{"rendered":"<p>Wieder einmal verz\u00f6gert sich die Er\u00f6ffnung des BER Hauptstadtflughafens. Wie das Flughafenmanagement inzwischen best\u00e4tigt hat, wurden die Bauten des Hauptstadtflughafens fast durchgehend mit Fensterscheiben von Tesla ausgestattet. Die Scheiben m\u00fcssen nun alle \u00fcberpr\u00fcft werden. Es ist davon auszugehen, dass 15.000 qm Scheiben ausgetauscht werden m\u00fcssen. Die Sicherheit der Flughafeng\u00e4ste und des Personals stehe im Vordergrund, [&hellip;]<\/p>\n","protected":false},"author":1,"featured_media":0,"comment_status":"open","ping_status":"open","sticky":false,"template":"","format":"standard","meta":{"footnotes":""},"categories":[6,17,9],"tags":[403,226,2216,1969,1827,405,2215,2214],"class_list":["post-3170","post","type-post","status-publish","format-standard","hentry","category-politik","category-technik","category-verkehr","tag-ber","tag-berlin","tag-fenster","tag-flughafen","tag-glas","tag-hauptstadtflughafen","tag-panzerglas","tag-tesla"],"_links":{"self":[{"href":"https:\/\/www.keinblatt.de\/blog\/wp-json\/wp\/v2\/posts\/3170","targetHints":{"allow":["GET"]}}],"collection":[{"href":"https:\/\/www.keinblatt.de\/blog\/wp-json\/wp\/v2\/posts"}],"about":[{"href":"https:\/\/www.keinblatt.de\/blog\/wp-json\/wp\/v2\/types\/post"}],"author":[{"embeddable":true,"href":"https:\/\/www.keinblatt.de\/blog\/wp-json\/wp\/v2\/users\/1"}],"replies":[{"embeddable":true,"href":"https:\/\/www.keinblatt.de\/blog\/wp-json\/wp\/v2\/comments?post=3170"}],"version-history":[{"count":0,"href":"https:\/\/www.keinblatt.de\/blog\/wp-json\/wp\/v2\/posts\/3170\/revisions"}],"wp:attachment":[{"href":"https:\/\/www.keinblatt.de\/blog\/wp-json\/wp\/v2\/media?parent=3170"}],"wp:term":[{"taxonomy":"category","embeddable":true,"href":"https:\/\/www.keinblatt.de\/blog\/wp-json\/wp\/v2\/categories?post=3170"},{"taxonomy":"post_tag","embeddable":true,"href":"https:\/\/www.keinblatt.de\/blog\/wp-json\/wp\/v2\/tags?post=3170"}],"curies":[{"name":"wp","href":"https:\/\/api.w.org\/{rel}","templated":true}]}}