{"id":3149,"date":"2019-11-14T20:27:03","date_gmt":"2019-11-14T19:27:03","guid":{"rendered":"https:\/\/www.keinblatt.de\/blog\/?p=3149"},"modified":"2019-12-13T22:37:19","modified_gmt":"2019-12-13T21:37:19","slug":"england-wieder-beliebter-weil-sie-keinen-kommissar-nominieren-und-damit-von-der-leyens-amtsantritt-blockieren","status":"publish","type":"post","link":"https:\/\/www.keinblatt.de\/blog\/england-wieder-beliebter-weil-sie-keinen-kommissar-nominieren-und-damit-von-der-leyens-amtsantritt-blockieren\/","title":{"rendered":"Briten wieder beliebter, da sie keinen Kommissar nominieren und damit von der Leyens Amtsantritt blockieren"},"content":{"rendered":"<figure id=\"attachment_1029\" aria-describedby=\"caption-attachment-1029\" style=\"width: 640px\" class=\"wp-caption alignnone\"><a href=\"https:\/\/www.keinblatt.de\/blog\/wp-content\/uploads\/2014\/10\/MSC_2014_VonDerLeyen_Mueller_MSC2014.jpg\"><img loading=\"lazy\" decoding=\"async\" class=\"size-full wp-image-1029\" src=\"https:\/\/www.keinblatt.de\/blog\/wp-content\/uploads\/2014\/10\/MSC_2014_VonDerLeyen_Mueller_MSC2014.jpg\" alt=\"Ursuala von der Leyen\" width=\"640\" height=\"427\" srcset=\"https:\/\/www.keinblatt.de\/blog\/wp-content\/uploads\/2014\/10\/MSC_2014_VonDerLeyen_Mueller_MSC2014.jpg 640w, https:\/\/www.keinblatt.de\/blog\/wp-content\/uploads\/2014\/10\/MSC_2014_VonDerLeyen_Mueller_MSC2014-300x200.jpg 300w, https:\/\/www.keinblatt.de\/blog\/wp-content\/uploads\/2014\/10\/MSC_2014_VonDerLeyen_Mueller_MSC2014-624x416.jpg 624w\" sizes=\"auto, (max-width: 640px) 100vw, 640px\" \/><\/a><figcaption id=\"caption-attachment-1029\" class=\"wp-caption-text\">Ursula von der Leyen. Sie kann den Start ihrer Amtszeit als EU-Kommissionspr\u00e4sidentin kaum noch erwarten. Sie ist schon maximal erregt und fiebrig. Irgendwelche Verz\u00f6gerungen kann sie jetzt nicht brauchen. Foto: <a href=\"https:\/\/commons.wikimedia.org\/wiki\/File:MSC_2014_VonDerLeyen_Mueller_MSC2014.jpg\" target=\"_blank\">Marc M\u00fcller<\/a> \/ Lizenz: <a href=\"https:\/\/creativecommons.org\/licenses\/by\/3.0\/de\/deed.en\" target=\"_blank\">CC BY 3.0 DE<\/a><\/figcaption><\/figure>\n<p>So schnell k\u00f6nnen sich Dinge \u00e4ndern! <a href=\"https:\/\/www.spiegel.de\/politik\/ausland\/brexit-eu-kommission-verklagt-grossbritannien-wegen-vertragsverletzung-a-1296558.html\" target=\"_blank\" rel=\"noopener noreferrer\">Trotz wiederholter Aufforderung hat sich Gro\u00dfbritannien bislang geweigert, einen Kandidaten f\u00fcr die n\u00e4chste EU-Kommission zu benennen. Die Briten wollen sich daf\u00fcr viel Zeit lassen und nicht vor dem 12. Dezember, an dem sie ein neues Parlament w\u00e4hlen, entscheiden.<\/a><\/p>\n<p>Das berichtet Spiegel Online. Da jedes EU-Land einen Kommissar besetzen muss, kann die neue Kommission mit Ursula von der Leyen als Kommissionspr\u00e4sidentin m\u00f6glicherweise nicht wie geplant zum 1. Dezember starten.<\/p>\n<p>Eine Blitzumfrage in Deutschland, die von den drei gr\u00f6\u00dften Medienkonzernen durchgef\u00fchrt wurde, ergab heute eine drastische Steigerung der Beliebtheitswerte der Briten. Demnach finden 84,1 Prozent der Deutschen die Briten entweder sympathisch oder sehr sympathisch. Vor einem Monat waren es lediglich 23,1 Prozent.<\/p>\n<figure id=\"attachment_2976\" aria-describedby=\"caption-attachment-2976\" style=\"width: 960px\" class=\"wp-caption alignnone\"><a href=\"https:\/\/www.keinblatt.de\/blog\/wp-content\/uploads\/2018\/12\/brexit-1505183_960_720.jpg\"><img loading=\"lazy\" decoding=\"async\" class=\"size-full wp-image-2976\" style=\"border: 1px solid;\" src=\"https:\/\/www.keinblatt.de\/blog\/wp-content\/uploads\/2018\/12\/brexit-1505183_960_720.jpg\" alt=\"Brexit\" width=\"960\" height=\"678\" srcset=\"https:\/\/www.keinblatt.de\/blog\/wp-content\/uploads\/2018\/12\/brexit-1505183_960_720.jpg 960w, https:\/\/www.keinblatt.de\/blog\/wp-content\/uploads\/2018\/12\/brexit-1505183_960_720-300x212.jpg 300w, https:\/\/www.keinblatt.de\/blog\/wp-content\/uploads\/2018\/12\/brexit-1505183_960_720-768x542.jpg 768w\" sizes=\"auto, (max-width: 960px) 100vw, 960px\" \/><\/a><figcaption id=\"caption-attachment-2976\" class=\"wp-caption-text\">Die Briten treten aus! Lizenz: Public Domain<\/figcaption><\/figure>\n","protected":false},"excerpt":{"rendered":"<p>So schnell k\u00f6nnen sich Dinge \u00e4ndern! Trotz wiederholter Aufforderung hat sich Gro\u00dfbritannien bislang geweigert, einen Kandidaten f\u00fcr die n\u00e4chste EU-Kommission zu benennen. Die Briten wollen sich daf\u00fcr viel Zeit lassen und nicht vor dem 12. Dezember, an dem sie ein neues Parlament w\u00e4hlen, entscheiden. Das berichtet Spiegel Online. Da jedes EU-Land einen Kommissar besetzen muss, [&hellip;]<\/p>\n","protected":false},"author":1,"featured_media":0,"comment_status":"open","ping_status":"open","sticky":false,"template":"","format":"standard","meta":{"footnotes":""},"categories":[2,6],"tags":[1406,947,108,1403,2196,2195,207],"class_list":["post-3149","post","type-post","status-publish","format-standard","hentry","category-gesellschaftliches","category-politik","tag-brexit","tag-england","tag-eu","tag-grossbritannien","tag-kommissar-politik","tag-kommissionspraesident","tag-ursula-von-der-leyen"],"_links":{"self":[{"href":"https:\/\/www.keinblatt.de\/blog\/wp-json\/wp\/v2\/posts\/3149","targetHints":{"allow":["GET"]}}],"collection":[{"href":"https:\/\/www.keinblatt.de\/blog\/wp-json\/wp\/v2\/posts"}],"about":[{"href":"https:\/\/www.keinblatt.de\/blog\/wp-json\/wp\/v2\/types\/post"}],"author":[{"embeddable":true,"href":"https:\/\/www.keinblatt.de\/blog\/wp-json\/wp\/v2\/users\/1"}],"replies":[{"embeddable":true,"href":"https:\/\/www.keinblatt.de\/blog\/wp-json\/wp\/v2\/comments?post=3149"}],"version-history":[{"count":0,"href":"https:\/\/www.keinblatt.de\/blog\/wp-json\/wp\/v2\/posts\/3149\/revisions"}],"wp:attachment":[{"href":"https:\/\/www.keinblatt.de\/blog\/wp-json\/wp\/v2\/media?parent=3149"}],"wp:term":[{"taxonomy":"category","embeddable":true,"href":"https:\/\/www.keinblatt.de\/blog\/wp-json\/wp\/v2\/categories?post=3149"},{"taxonomy":"post_tag","embeddable":true,"href":"https:\/\/www.keinblatt.de\/blog\/wp-json\/wp\/v2\/tags?post=3149"}],"curies":[{"name":"wp","href":"https:\/\/api.w.org\/{rel}","templated":true}]}}