{"id":3138,"date":"2019-11-12T11:33:19","date_gmt":"2019-11-12T10:33:19","guid":{"rendered":"https:\/\/www.keinblatt.de\/blog\/?p=3138"},"modified":"2019-11-12T11:55:34","modified_gmt":"2019-11-12T10:55:34","slug":"finanzministerium-raeumt-ein-auch-prominente-wie-albrecht-brueder-quandt-klatten-und-hoeness-werden-grundrente-erhalten","status":"publish","type":"post","link":"https:\/\/www.keinblatt.de\/blog\/finanzministerium-raeumt-ein-auch-prominente-wie-albrecht-brueder-quandt-klatten-und-hoeness-werden-grundrente-erhalten\/","title":{"rendered":"Finanzministerium r\u00e4umt ein \u2013 auch Prominente wie Albrecht-Br\u00fcder, Quandt, Klatten und Hoene\u00df werden Grundrente erhalten"},"content":{"rendered":"<figure id=\"attachment_3139\" aria-describedby=\"caption-attachment-3139\" style=\"width: 660px\" class=\"wp-caption alignnone\"><a href=\"https:\/\/www.keinblatt.de\/blog\/wp-content\/uploads\/2019\/11\/46243164674_b82b2ae6f1_h.jpg\"><img loading=\"lazy\" decoding=\"async\" class=\"size-large wp-image-3139\" style=\"border: 1px solid;\" src=\"https:\/\/www.keinblatt.de\/blog\/wp-content\/uploads\/2019\/11\/46243164674_b82b2ae6f1_h-1024x670.jpg\" alt=\"Grundrente\" width=\"660\" height=\"432\" srcset=\"https:\/\/www.keinblatt.de\/blog\/wp-content\/uploads\/2019\/11\/46243164674_b82b2ae6f1_h-1024x670.jpg 1024w, https:\/\/www.keinblatt.de\/blog\/wp-content\/uploads\/2019\/11\/46243164674_b82b2ae6f1_h-300x196.jpg 300w, https:\/\/www.keinblatt.de\/blog\/wp-content\/uploads\/2019\/11\/46243164674_b82b2ae6f1_h-768x503.jpg 768w, https:\/\/www.keinblatt.de\/blog\/wp-content\/uploads\/2019\/11\/46243164674_b82b2ae6f1_h.jpg 1600w\" sizes=\"auto, (max-width: 660px) 100vw, 660px\" \/><\/a><figcaption id=\"caption-attachment-3139\" class=\"wp-caption-text\">Grundrente: Die Gro\u00dfe Koalition hat geliefert! Foto: <a href=\"https:\/\/twitter-trends.de\/grundrente\/?utm_source=46243164674&amp;utm_campaign=FlickrDescription&amp;utm_medium=link\" target=\"_blank\">Trending Topics 2019<\/a> \/ Lizenz: <a href=\"https:\/\/creativecommons.org\/licenses\/by\/2.0\/\" target=\"_blank\">CC BY 2.0<\/a><\/figcaption><\/figure>\n<p>Die Grundrente ist der gro\u00dfe Wurf der Gro\u00dfen Koalition. Endlich wird etwas gegen Altersarmut unternommen. Die SPD hat ihr Herzensprojekt durchgebracht, mit dem sie wohl wieder zweistellig werden kann. Alles richtig gemacht! Die CDU\/CSU hat zudem daf\u00fcr gesorgt, dass sich die B\u00fcrokratie in strengsten Grenzen h\u00e4lt. Damit wurde das Beste aus zwei Welten (der demokratische Sozialismus der SPD und die christliche Eigenverantwortung der CDU\/CSU) vereint.<\/p>\n<p>&#8222;Die Kuh ist vom Eis. Damit ist die Halbzeitbilanz der GroKo abgerundet. Es gibt jetzt keinen Grund mehr, \u00fcber den Fortbestand der Regierung zu diskutieren. Wir haben ein echtes Gerechtigkeits- und Leistungspaket geschn\u00fcrt. Das st\u00e4rkt auch die Wirtschaft&#8220;, so der bayrische Ministerpr\u00e4sident Markus S\u00f6der auf Twitter.<\/p>\n<p>Um die Bed\u00fcrftigkeit festzustellen, werden die Einkommensdaten der Finanz\u00e4mter automatisiert von der Deutschen Rentenversicherung abgerufen. Niemand muss den dem\u00fctigenden Weg zum Amt machen, um sich dort nackt auszuziehen.<\/p>\n<p>Nach Bekanntgabe der Einigung der Koalitionsspitzen hat es spontan in einigen Gro\u00dfst\u00e4dten \u2013 etwa in Hamburg, Frankfurt und M\u00fcnchen \u2013 Autokorsos gegeben, die ein Hupkonzert f\u00fcr Finanzminister Olaf Scholz auff\u00fchrten. Deutschland ist seit dieser Einigung ein anders Land. Selbst die kritische Partei &#8222;Die Links&#8220; und die Titanic-Partei \u00fcbten nur verhalten Kritik.<\/p>\n<h3>Viele Prominente werden auch Grundrente beziehen<\/h3>\n<p>Inzwischen r\u00e4umt das Finanzministerium ein, dass einige Prominente wie Karl Albrecht Junior und Theo Albrecht (Aldi), Susanne Klatten, Stefan Quandt, Uli Hoene\u00df oder Robert Geiss Grundrente erhalten werden. Durchschnittsverdiener dagegen nicht.<\/p>\n<p>Ein Sprecher erkl\u00e4rte, man habe das x-mal durchgerechnet und es sei immer wieder rausgekommen, dass die genannten Prominenten unter die Grundrente fallen. Der Sprecher f\u00fchrt aus: &#8222;Mancher mag das als ungerecht empfinden, aber Zahlen l\u00fcgen nicht. Auch hat es etwas Gutes: Es wird ja jeder einsehen, dass es kaum zumutbar ist, wenn sich z.B. ein Prominenter wie Uli Hoene\u00df pers\u00f6nlich beim Amt vorstellen m\u00fcsste.&#8220;<img loading=\"lazy\" decoding=\"async\" class=\"vg\" src=\"https:\/\/ssl-vg03.met.vgwort.de\/na\/efbbe1363ac144aeadc6d67d5b5fcfe6\" alt=\"\" width=\"1\" height=\"1\" \/><\/p>\n<figure id=\"attachment_3140\" aria-describedby=\"caption-attachment-3140\" style=\"width: 660px\" class=\"wp-caption alignnone\"><a href=\"https:\/\/www.keinblatt.de\/blog\/wp-content\/uploads\/2019\/11\/retirement-4006754_1920.jpg\"><img loading=\"lazy\" decoding=\"async\" class=\"size-large wp-image-3140\" src=\"https:\/\/www.keinblatt.de\/blog\/wp-content\/uploads\/2019\/11\/retirement-4006754_1920-1024x589.jpg\" alt=\"Rentenbescheid\" width=\"660\" height=\"380\" srcset=\"https:\/\/www.keinblatt.de\/blog\/wp-content\/uploads\/2019\/11\/retirement-4006754_1920-1024x589.jpg 1024w, https:\/\/www.keinblatt.de\/blog\/wp-content\/uploads\/2019\/11\/retirement-4006754_1920-300x173.jpg 300w, https:\/\/www.keinblatt.de\/blog\/wp-content\/uploads\/2019\/11\/retirement-4006754_1920-768x442.jpg 768w, https:\/\/www.keinblatt.de\/blog\/wp-content\/uploads\/2019\/11\/retirement-4006754_1920.jpg 1920w\" sizes=\"auto, (max-width: 660px) 100vw, 660px\" \/><\/a><figcaption id=\"caption-attachment-3140\" class=\"wp-caption-text\">Rentenbescheid. Lizenz: Public Domain<\/figcaption><\/figure>\n","protected":false},"excerpt":{"rendered":"<p>Die Grundrente ist der gro\u00dfe Wurf der Gro\u00dfen Koalition. Endlich wird etwas gegen Altersarmut unternommen. Die SPD hat ihr Herzensprojekt durchgebracht, mit dem sie wohl wieder zweistellig werden kann. Alles richtig gemacht! Die CDU\/CSU hat zudem daf\u00fcr gesorgt, dass sich die B\u00fcrokratie in strengsten Grenzen h\u00e4lt. Damit wurde das Beste aus zwei Welten (der demokratische [&hellip;]<\/p>\n","protected":false},"author":1,"featured_media":0,"comment_status":"open","ping_status":"open","sticky":false,"template":"","format":"standard","meta":{"footnotes":""},"categories":[24,2,6],"tags":[1321,931,2185,233,394,1970,2186,2184,2190,453,837,597,2187,450,2189,752,2188,2191,171],"class_list":["post-3138","post","type-post","status-publish","format-standard","hentry","category-finanzen","category-gesellschaftliches","category-politik","tag-aldi","tag-altersarmut","tag-beduerftigkeit","tag-cdu","tag-csu","tag-finanzamt","tag-finanzministerium","tag-grundrente","tag-karl-albrecht-junior","tag-markus-soeder","tag-olaf-scholz","tag-rente","tag-robert-geiss","tag-spd","tag-stefan-quandt","tag-steuern","tag-susanne-klatten","tag-theo-albrecht","tag-uli-hoeness"],"_links":{"self":[{"href":"https:\/\/www.keinblatt.de\/blog\/wp-json\/wp\/v2\/posts\/3138","targetHints":{"allow":["GET"]}}],"collection":[{"href":"https:\/\/www.keinblatt.de\/blog\/wp-json\/wp\/v2\/posts"}],"about":[{"href":"https:\/\/www.keinblatt.de\/blog\/wp-json\/wp\/v2\/types\/post"}],"author":[{"embeddable":true,"href":"https:\/\/www.keinblatt.de\/blog\/wp-json\/wp\/v2\/users\/1"}],"replies":[{"embeddable":true,"href":"https:\/\/www.keinblatt.de\/blog\/wp-json\/wp\/v2\/comments?post=3138"}],"version-history":[{"count":0,"href":"https:\/\/www.keinblatt.de\/blog\/wp-json\/wp\/v2\/posts\/3138\/revisions"}],"wp:attachment":[{"href":"https:\/\/www.keinblatt.de\/blog\/wp-json\/wp\/v2\/media?parent=3138"}],"wp:term":[{"taxonomy":"category","embeddable":true,"href":"https:\/\/www.keinblatt.de\/blog\/wp-json\/wp\/v2\/categories?post=3138"},{"taxonomy":"post_tag","embeddable":true,"href":"https:\/\/www.keinblatt.de\/blog\/wp-json\/wp\/v2\/tags?post=3138"}],"curies":[{"name":"wp","href":"https:\/\/api.w.org\/{rel}","templated":true}]}}