{"id":3134,"date":"2019-11-11T12:15:54","date_gmt":"2019-11-11T11:15:54","guid":{"rendered":"https:\/\/www.keinblatt.de\/blog\/?p=3134"},"modified":"2025-04-03T12:07:01","modified_gmt":"2025-04-03T10:07:01","slug":"enthuellt-quaelend-lange-bestimmung-von-neuem-spd-vorsitzenden-dient-dazu-abstand-zwischen-ruecktritten-des-spd-vorsitzenden-zu-vergroessern","status":"publish","type":"post","link":"https:\/\/www.keinblatt.de\/blog\/enthuellt-quaelend-lange-bestimmung-von-neuem-spd-vorsitzenden-dient-dazu-abstand-zwischen-ruecktritten-des-spd-vorsitzenden-zu-vergroessern\/","title":{"rendered":"Enth\u00fcllt: Qu\u00e4lend lange Bestimmung von neuem SPD-Vorsitzenden dient dazu, R\u00fccktrittsrate der SPD-Vorsitzenden zu verringern"},"content":{"rendered":"<figure id=\"attachment_3135\" aria-describedby=\"caption-attachment-3135\" style=\"width: 660px\" class=\"wp-caption alignnone\"><a href=\"https:\/\/www.keinblatt.de\/blog\/wp-content\/uploads\/2019\/11\/1280px-2019-09-10_SPD_Regionalkonferenz_Nieder-Olm_by_OlafKosinsky_MG_0463.jpg\"><img loading=\"lazy\" decoding=\"async\" class=\"size-large wp-image-3135\" src=\"https:\/\/www.keinblatt.de\/blog\/wp-content\/uploads\/2019\/11\/1280px-2019-09-10_SPD_Regionalkonferenz_Nieder-Olm_by_OlafKosinsky_MG_0463-1024x682.jpg\" alt=\"SPD-Regionalkonferenz\" width=\"660\" height=\"440\" srcset=\"https:\/\/www.keinblatt.de\/blog\/wp-content\/uploads\/2019\/11\/1280px-2019-09-10_SPD_Regionalkonferenz_Nieder-Olm_by_OlafKosinsky_MG_0463-1024x682.jpg 1024w, https:\/\/www.keinblatt.de\/blog\/wp-content\/uploads\/2019\/11\/1280px-2019-09-10_SPD_Regionalkonferenz_Nieder-Olm_by_OlafKosinsky_MG_0463-300x200.jpg 300w, https:\/\/www.keinblatt.de\/blog\/wp-content\/uploads\/2019\/11\/1280px-2019-09-10_SPD_Regionalkonferenz_Nieder-Olm_by_OlafKosinsky_MG_0463-768x512.jpg 768w, https:\/\/www.keinblatt.de\/blog\/wp-content\/uploads\/2019\/11\/1280px-2019-09-10_SPD_Regionalkonferenz_Nieder-Olm_by_OlafKosinsky_MG_0463.jpg 1280w\" sizes=\"auto, (max-width: 660px) 100vw, 660px\" \/><\/a><figcaption id=\"caption-attachment-3135\" class=\"wp-caption-text\">SPD-Regionalkonferenz am 10.09.2019 in Nieder-Olm. Foto: <a href=\"https:\/\/commons.wikimedia.org\/wiki\/User:Olaf_Kosinsky\" target=\"_blank\">Olaf Kosinsky<\/a> \/ Lizenz: <a href=\"https:\/\/creativecommons.org\/licenses\/by-sa\/3.0\/de\/deed.en\" target=\"_blank\">CC BY-SA 3.0 DE<\/a><\/figcaption><\/figure>\n<p>Bereits seit Jahrzehnten ist der SPD-Vorsitz ein Schleudersessel. Die SPD hat eine unglaubliche Anzahl an Vorsitzenden verschlissen:<\/p>\n<ul>\n<li>Hans-Jochen Vogel (1990 bis 1991)<\/li>\n<li>Bj\u00f6rn Engholm (1991 bis 1993)<\/li>\n<li>Johannes Rau (1993 (kommissarisch))<\/li>\n<li>Rudolf Scharping (1993 bis 1995)<\/li>\n<li>Oskar Lafontaine (1995 bis 1999)<\/li>\n<li>Gerhard Schr\u00f6der (1999 bis 2004)<\/li>\n<li>Franz M\u00fcntefering (2004 bis 2005 und<br \/>\n2008 bis 2009)<\/li>\n<li>Matthias Platzeck (2005 bis 2006)<\/li>\n<li>Kurt Beck (2006 bis 2008)<\/li>\n<li>Frank-Walter Steinmeier (2008 (kommissarisch))<\/li>\n<li>Sigmar Gabriel (2009 bis 2017)<\/li>\n<li>Martin Schulz (2017 bis 2018)<\/li>\n<li>Olaf Scholz (2018 (kommissarisch))<\/li>\n<\/ul>\n<p>Am 3. Juni 2019 trat schlie\u00dflich Andrea Nahles mit sofortiger Wirkung vom SPD-Parteivorsitz zur\u00fcck.<\/p>\n<p>Seitdem ist die SPD damit besch\u00e4ftigt, einen neuen SPD-Vorsitzenden zu suchen und zu bestimmen. Dazu wurde ein neues Verfahren eingef\u00fchrt. Dabei soll der neue Parteivorsitzende (genauer eine Doppelspitze aus einer Kandidatin und einem Kandidaten) durch ein Votum aller Parteimitglieder gew\u00e4hlt werden.<\/p>\n<p>Die Kandidaten stellten sich dabei zun\u00e4chst in 23 Regionalkonferenzen vor, die im September und Oktober stattfanden. Bei der Wahl, die Mitte Oktober erfolgte, erlangte kein Bewerberduo die absolute Mehrheit. Nun muss eine Stichwahl zwischen den Bewerberduos Klara Geywitz\/Olaf Scholz und Saskia Esken\/Norbert Walter-Borjans entscheiden.<\/p>\n<p>Diese soll Ende November 2019 stattfinden. Auf dem Parteitag vom 06. bis 08. Dezember 2019 soll schlie\u00dflich das neue F\u00fchrungsduo formell gew\u00e4hlt und in das Amt eingef\u00fchrt werden.<\/p>\n<p>Wir erinnern uns, der R\u00fccktritt von Andrea Nahles wird zu diesem Zeitpunkt mehr als 6 (!) Monate zur\u00fcckliegen.<\/p>\n<h3>Insider plaudert wahren Grund aus<\/h3>\n<figure id=\"attachment_3137\" aria-describedby=\"caption-attachment-3137\" style=\"width: 150px\" class=\"wp-caption alignleft\"><a href=\"https:\/\/www.keinblatt.de\/blog\/wp-content\/uploads\/2019\/11\/1024px-Sozialdemokratische_Partei_Deutschlands_Logo_um_2000.svg_.png\"><img loading=\"lazy\" decoding=\"async\" class=\"size-thumbnail wp-image-3137\" src=\"https:\/\/www.keinblatt.de\/blog\/wp-content\/uploads\/2019\/11\/1024px-Sozialdemokratische_Partei_Deutschlands_Logo_um_2000.svg_-150x150.png\" alt=\"SPD-Logo\" width=\"150\" height=\"150\" srcset=\"https:\/\/www.keinblatt.de\/blog\/wp-content\/uploads\/2019\/11\/1024px-Sozialdemokratische_Partei_Deutschlands_Logo_um_2000.svg_-150x150.png 150w, https:\/\/www.keinblatt.de\/blog\/wp-content\/uploads\/2019\/11\/1024px-Sozialdemokratische_Partei_Deutschlands_Logo_um_2000.svg_-300x300.png 300w, https:\/\/www.keinblatt.de\/blog\/wp-content\/uploads\/2019\/11\/1024px-Sozialdemokratische_Partei_Deutschlands_Logo_um_2000.svg_-768x768.png 768w, https:\/\/www.keinblatt.de\/blog\/wp-content\/uploads\/2019\/11\/1024px-Sozialdemokratische_Partei_Deutschlands_Logo_um_2000.svg_.png 1024w\" sizes=\"auto, (max-width: 150px) 100vw, 150px\" \/><\/a><figcaption id=\"caption-attachment-3137\" class=\"wp-caption-text\">Lizenz: Public Domain<\/figcaption><\/figure>\n<p>Ein Mitglied des Parteivorstandes, das unerkannt bleiben will, antwortete auf eine Redaktionsanfrage von uns, in der wir suggerierten, dass das neue Verfahren sicher implementiert worden sei, um die Demokratie zu st\u00e4rken und den besten Kandidaten zu bestimmen, mit einem mehrmin\u00fctigen h\u00f6hnischen Lachen.<\/p>\n<p>Schlie\u00dflich vertraute das Mitglied uns an und verriet, das Verfahren habe man sich ausgedacht, um die peinliche hohe Rate an R\u00fccktritten vom Parteivorsitz zu verringern. Denn das neue Verfahren enthalte durch das aufwendige Prozedere einen Mechanismus, um den Abstand zwischen den Parteivorsitzenden um immerhin rund 6 Monate zu erh\u00f6hen. Das sei ein wichtiger Baustein, um die strauchelnde SPD ein wenig zu stabilisieren.<img loading=\"lazy\" decoding=\"async\" class=\"vg\" src=\"https:\/\/ssl-vg03.met.vgwort.de\/na\/44de012ed7fb4f2c81801af0a99b0fe6\" alt=\"\" width=\"1\" height=\"1\" \/><\/p>\n","protected":false},"excerpt":{"rendered":"<p>Bereits seit Jahrzehnten ist der SPD-Vorsitz ein Schleudersessel. Die SPD hat eine unglaubliche Anzahl an Vorsitzenden verschlissen: Hans-Jochen Vogel (1990 bis 1991) Bj\u00f6rn Engholm (1991 bis 1993) Johannes Rau (1993 (kommissarisch)) Rudolf Scharping (1993 bis 1995) Oskar Lafontaine (1995 bis 1999) Gerhard Schr\u00f6der (1999 bis 2004) Franz M\u00fcntefering (2004 bis 2005 und 2008 bis 2009) [&hellip;]<\/p>\n","protected":false},"author":1,"featured_media":0,"comment_status":"open","ping_status":"open","sticky":false,"template":"","format":"standard","meta":{"footnotes":""},"categories":[2,23,6],"tags":[308,2182,2181,837,2178,2183,450],"class_list":["post-3134","post","type-post","status-publish","format-standard","hentry","category-gesellschaftliches","category-historisches","category-politik","tag-andrea-nahles","tag-klara-geywitz","tag-norbert-walter-borjans","tag-olaf-scholz","tag-parteivorsitz","tag-saskia-esken","tag-spd"],"_links":{"self":[{"href":"https:\/\/www.keinblatt.de\/blog\/wp-json\/wp\/v2\/posts\/3134","targetHints":{"allow":["GET"]}}],"collection":[{"href":"https:\/\/www.keinblatt.de\/blog\/wp-json\/wp\/v2\/posts"}],"about":[{"href":"https:\/\/www.keinblatt.de\/blog\/wp-json\/wp\/v2\/types\/post"}],"author":[{"embeddable":true,"href":"https:\/\/www.keinblatt.de\/blog\/wp-json\/wp\/v2\/users\/1"}],"replies":[{"embeddable":true,"href":"https:\/\/www.keinblatt.de\/blog\/wp-json\/wp\/v2\/comments?post=3134"}],"version-history":[{"count":0,"href":"https:\/\/www.keinblatt.de\/blog\/wp-json\/wp\/v2\/posts\/3134\/revisions"}],"wp:attachment":[{"href":"https:\/\/www.keinblatt.de\/blog\/wp-json\/wp\/v2\/media?parent=3134"}],"wp:term":[{"taxonomy":"category","embeddable":true,"href":"https:\/\/www.keinblatt.de\/blog\/wp-json\/wp\/v2\/categories?post=3134"},{"taxonomy":"post_tag","embeddable":true,"href":"https:\/\/www.keinblatt.de\/blog\/wp-json\/wp\/v2\/tags?post=3134"}],"curies":[{"name":"wp","href":"https:\/\/api.w.org\/{rel}","templated":true}]}}