{"id":312,"date":"2013-10-24T12:20:03","date_gmt":"2013-10-24T10:20:03","guid":{"rendered":"http:\/\/www.keinblatt.de\/blog\/?p=312"},"modified":"2015-06-15T23:20:51","modified_gmt":"2015-06-15T21:20:51","slug":"grausames-schicksal-erstmals-interessieren-sich-medien-fuer-aussenminister-westerwelle","status":"publish","type":"post","link":"https:\/\/www.keinblatt.de\/blog\/grausames-schicksal-erstmals-interessieren-sich-medien-fuer-aussenminister-westerwelle\/","title":{"rendered":"Das Leben kann so hart sein \u2013 Erstmals interessieren sich Medien f\u00fcr Au\u00dfenminister Westerwelle"},"content":{"rendered":"<figure id=\"attachment_313\" aria-describedby=\"caption-attachment-313\" style=\"width: 211px\" class=\"wp-caption alignleft\"><a href=\"https:\/\/www.keinblatt.de\/blog\/wp-content\/uploads\/2013\/10\/3405854933_e91f7dca3e_o.jpg\"><img loading=\"lazy\" decoding=\"async\" class=\"size-medium wp-image-313\" src=\"https:\/\/www.keinblatt.de\/blog\/wp-content\/uploads\/2013\/10\/3405854933_e91f7dca3e_o-211x300.jpg\" alt=\"Guido Westerwelle\" width=\"211\" height=\"300\" srcset=\"https:\/\/www.keinblatt.de\/blog\/wp-content\/uploads\/2013\/10\/3405854933_e91f7dca3e_o-211x300.jpg 211w, https:\/\/www.keinblatt.de\/blog\/wp-content\/uploads\/2013\/10\/3405854933_e91f7dca3e_o.jpg 452w\" sizes=\"auto, (max-width: 211px) 100vw, 211px\" \/><\/a><figcaption id=\"caption-attachment-313\" class=\"wp-caption-text\">Guido Westerwelle: Sp\u00e4ter Ruhm, zu sp\u00e4t. Bild: <a href=\"https:\/\/www.flickr.com\/photos\/liberale\/3405854933\/\" target=\"_blank\">Fotoarchiv der FDP<\/a> \/ Lizenz: <a href=\"https:\/\/creativecommons.org\/licenses\/by-nc-nd\/2.0\/\" target=\"_blank\">CC BY-NC-ND 2.0<\/a><\/figcaption><\/figure>\n<p>Das Schicksal kann so grausam sein. Bislang war das Interesse der Medien, \u00fcber Au\u00dfenminister Guido Westerwelle zu berichten, freundlich ausgedr\u00fcckt \u00fcberschaubar. Etwas klarer ausgedr\u00fcckt, gab es kein Interesse.<\/p>\n<p>Nun aber wurde offenbar das Handy von Bundeskanzlerin Angela Merkel vom US-amerikanischen Geheimdienst abgeh\u00f6rt. Vielleicht auch ihr Anrufbeantworter, ihre Lunge und ihre Russischvokabeln. Nun hat Au\u00dfenminister Guido Westerwelle in einem &#8222;ungew\u00f6hnlichen Vorgang&#8220; wegen der Abh\u00f6raff\u00e4re den US-Botschafter ins Ausw\u00e4rtige Amt einbestellt. Prompt bekommt Westerwelle riesige Schlagzeilen und sogar eigene Artikel (!), und zwar \u2013 was das Erstaunliche ist \u2013 in seiner Rolle als Au\u00dfenminister! Etwa in Spiegel online: <a href=\"https:\/\/www.spiegel.de\/politik\/deutschland\/westerwelle-bestellt-us-botschafter-in-auswaertige-amt-ein-a-929679.html\" target=\"_blank\">Kanzler-Handy im US-Visier? Westerwelle\u00a0bestellt US-Botschafter ein<\/a><\/p>\n<p>Nur ist dies ein wenig sp\u00e4t, bekanntlich ist Westerwelles Zeit als Au\u00dfenminister praktisch abgelaufen, er ist nur noch gesch\u00e4ftsf\u00fchrend im Amt. Daher muss diese sp\u00e4te Ehre als besonders brutal eingestuft werden. Eine neue, zumindest theoretische Chance auf ein regul\u00e4res Ministeramt hat Westerwelle dann wieder nach der n\u00e4chsten Bundestagswahl.<\/p>\n","protected":false},"excerpt":{"rendered":"<p>Das Schicksal kann so grausam sein. Bislang war das Interesse der Medien, \u00fcber Au\u00dfenminister Guido Westerwelle zu berichten, freundlich ausgedr\u00fcckt \u00fcberschaubar. Etwas klarer ausgedr\u00fcckt, gab es kein Interesse. Nun aber wurde offenbar das Handy von Bundeskanzlerin Angela Merkel vom US-amerikanischen Geheimdienst abgeh\u00f6rt. Vielleicht auch ihr Anrufbeantworter, ihre Lunge und ihre Russischvokabeln. Nun hat Au\u00dfenminister Guido [&hellip;]<\/p>\n","protected":false},"author":1,"featured_media":0,"comment_status":"open","ping_status":"open","sticky":false,"template":"","format":"standard","meta":{"footnotes":""},"categories":[6,17],"tags":[885,95,282,281,270,886],"class_list":["post-312","post","type-post","status-publish","format-standard","hentry","category-politik","category-technik","tag-abhoeraffaere","tag-angela-merkel","tag-aussenministerium","tag-guido-westerwelle","tag-nsa","tag-spaehaffaere"],"_links":{"self":[{"href":"https:\/\/www.keinblatt.de\/blog\/wp-json\/wp\/v2\/posts\/312","targetHints":{"allow":["GET"]}}],"collection":[{"href":"https:\/\/www.keinblatt.de\/blog\/wp-json\/wp\/v2\/posts"}],"about":[{"href":"https:\/\/www.keinblatt.de\/blog\/wp-json\/wp\/v2\/types\/post"}],"author":[{"embeddable":true,"href":"https:\/\/www.keinblatt.de\/blog\/wp-json\/wp\/v2\/users\/1"}],"replies":[{"embeddable":true,"href":"https:\/\/www.keinblatt.de\/blog\/wp-json\/wp\/v2\/comments?post=312"}],"version-history":[{"count":0,"href":"https:\/\/www.keinblatt.de\/blog\/wp-json\/wp\/v2\/posts\/312\/revisions"}],"wp:attachment":[{"href":"https:\/\/www.keinblatt.de\/blog\/wp-json\/wp\/v2\/media?parent=312"}],"wp:term":[{"taxonomy":"category","embeddable":true,"href":"https:\/\/www.keinblatt.de\/blog\/wp-json\/wp\/v2\/categories?post=312"},{"taxonomy":"post_tag","embeddable":true,"href":"https:\/\/www.keinblatt.de\/blog\/wp-json\/wp\/v2\/tags?post=312"}],"curies":[{"name":"wp","href":"https:\/\/api.w.org\/{rel}","templated":true}]}}