{"id":3102,"date":"2019-06-21T12:01:45","date_gmt":"2019-06-21T10:01:45","guid":{"rendered":"https:\/\/www.keinblatt.de\/blog\/?p=3102"},"modified":"2019-06-21T12:05:58","modified_gmt":"2019-06-21T10:05:58","slug":"scheuer-autofahren-bald-mit-grundschul-fahrradfuehrerschein-moeglich","status":"publish","type":"post","link":"https:\/\/www.keinblatt.de\/blog\/scheuer-autofahren-bald-mit-grundschul-fahrradfuehrerschein-moeglich\/","title":{"rendered":"Scheuer: Autofahren bald mit Grundschul-Fahrradf\u00fchrerschein m\u00f6glich"},"content":{"rendered":"<figure id=\"attachment_1141\" aria-describedby=\"caption-attachment-1141\" style=\"width: 319px\" class=\"wp-caption alignleft\"><img loading=\"lazy\" decoding=\"async\" class=\"size-full wp-image-1141\" src=\"https:\/\/www.keinblatt.de\/blog\/wp-content\/uploads\/2014\/12\/Scheuer_Andreas-1407.jpg\" alt=\"Andreas Scheuer\" width=\"319\" height=\"479\" srcset=\"https:\/\/www.keinblatt.de\/blog\/wp-content\/uploads\/2014\/12\/Scheuer_Andreas-1407.jpg 319w, https:\/\/www.keinblatt.de\/blog\/wp-content\/uploads\/2014\/12\/Scheuer_Andreas-1407-199x300.jpg 199w\" sizes=\"auto, (max-width: 319px) 100vw, 319px\" \/><figcaption id=\"caption-attachment-1141\" class=\"wp-caption-text\">Bundesverkehrsminister Andreas Scheuer (CSU): Autofahren f\u00fcr alle! Foto: <a href=\"https:\/\/commons.wikimedia.org\/wiki\/File:Scheuer,_Andreas-1407.jpg\" target=\"_blank\">Foto-AG Gymnasium Melle<\/a> \/ Lizenz: <a href=\"https:\/\/creativecommons.org\/licenses\/by\/3.0\/deed.en\" target=\"_blank\">CC BY 3.0<\/a><\/figcaption><\/figure>\n<p>Bundesverkehrsminister Andreas Scheuer (CSU) plant eine weitere F\u00fchrerscheinrevolution. <a href=\"https:\/\/www.merkur.de\/politik\/scheuer-plant-fuehrerschein-revolution-motorradfahren-bald-ohne-extra-pruefung-zr-12564045.html\" target=\"_blank\" rel=\"noopener noreferrer\">Erst vor wenigen Tagen hatte er angek\u00fcndigt, dass Autofahrer bald ohne eine Extrapr\u00fcfung unter bestimmten Umst\u00e4nden Motorradfahren d\u00fcrfen<\/a>. Damit \u2013 und in Kombination mit der Zulassung von E-Rollern \u2013 will der Verkehrsminister die deutschen Stra\u00dfen sp\u00fcrbar entlasten.<\/p>\n<p>Nun will Scheuer auch den Zugang zu Autos erleichtern, da ja nun wieder mehr von ihnen Platz haben.<\/p>\n<h3>Zuk\u00fcnftige Voraussetzungen f\u00fcr das F\u00fchren von Autos<\/h3>\n<p>Konkret sollen bereits 17-J\u00e4hrige Autos der Kleinwagenklasse AS90 fahren d\u00fcrfen. Das bedeutet, das Fahrzeug darf h\u00f6chstens 90 PS haben und bauartbedingt nicht schneller als 190 km\/h fahren. Dazu reicht in Zukunft die bestandene Fahrradpr\u00fcfung in der Grundschule. Zudem muss der Aspirant sechs Fahrstunden (davon drei auf einem Verkehrs\u00fcbungsplatz) und vier theoretische Stunden absolvieren. Eine Pr\u00fcfung ist dagegen nicht notwendig. Im Fahrzeug muss aber ein pendelndes Mini-Kruzifix angebracht werden, um die Unfallgefahr zu verringern.<\/p>\n<h3>Ziele: \u00d6ffentlichen Nah- und Fernverkehr entlasten, Kriminalit\u00e4t reduzieren<\/h3>\n<p>Der Minister verfolgt hehre Ziele: Er will der Bev\u00f6lkerung zu mehr eigenverantwortlicher Mobilit\u00e4t verhelfen. Damit soll der \u00fcberstrapazierte, marode \u00f6ffentliche Nah- und Fernverkehr entlastet werden. &#8222;Weniger Fahrg\u00e4ste bedeuten zudem weniger Vandalismus, weniger Randale, weniger Bettler und Lumpensammler, weniger Drogenverk\u00e4ufer \u2013 auf Deutsch weniger Kriminalit\u00e4t&#8220;, sagte Scheuer vor Medienvertretern.<\/p>\n<p>Der Bundesverband der Fahrschulen sieht die Pl\u00e4ne kritisch. Sie rechnen mit Umsatzr\u00fcckg\u00e4ngen durch sinkende Fahrsch\u00fclerzahlen. Die Automobilindustrie begr\u00fc\u00dft dagegen die Pl\u00e4ne. Sie rechnen damit, neue Marktsegmente erschlie\u00dfen zu k\u00f6nnen. Dabei sollen auch neue Fahrzeuge der Kleinwagenklasse entwickelt werden. Die Deutsche Bahn will mit Rabatten kontern. Wer seinen Grunsdschul-Fahrradf\u00fchrerschein zur\u00fcckgibt, soll 6 Monate zum halben Preis fahren.<img loading=\"lazy\" decoding=\"async\" class=\"vg\" src=\"https:\/\/ssl-vg03.met.vgwort.de\/na\/127ec9bfd5594c9b910a9a4949a8a61f\" alt=\"\" width=\"1\" height=\"1\" \/><\/p>\n","protected":false},"excerpt":{"rendered":"<p>Bundesverkehrsminister Andreas Scheuer (CSU) plant eine weitere F\u00fchrerscheinrevolution. Erst vor wenigen Tagen hatte er angek\u00fcndigt, dass Autofahrer bald ohne eine Extrapr\u00fcfung unter bestimmten Umst\u00e4nden Motorradfahren d\u00fcrfen. Damit \u2013 und in Kombination mit der Zulassung von E-Rollern \u2013 will der Verkehrsminister die deutschen Stra\u00dfen sp\u00fcrbar entlasten. Nun will Scheuer auch den Zugang zu Autos erleichtern, da [&hellip;]<\/p>\n","protected":false},"author":1,"featured_media":0,"comment_status":"open","ping_status":"open","sticky":false,"template":"","format":"standard","meta":{"footnotes":""},"categories":[6,9],"tags":[244,866,467,504],"class_list":["post-3102","post","type-post","status-publish","format-standard","hentry","category-politik","category-verkehr","tag-andreas-scheuer","tag-autofahren","tag-fuehrerschein","tag-radfahren"],"_links":{"self":[{"href":"https:\/\/www.keinblatt.de\/blog\/wp-json\/wp\/v2\/posts\/3102","targetHints":{"allow":["GET"]}}],"collection":[{"href":"https:\/\/www.keinblatt.de\/blog\/wp-json\/wp\/v2\/posts"}],"about":[{"href":"https:\/\/www.keinblatt.de\/blog\/wp-json\/wp\/v2\/types\/post"}],"author":[{"embeddable":true,"href":"https:\/\/www.keinblatt.de\/blog\/wp-json\/wp\/v2\/users\/1"}],"replies":[{"embeddable":true,"href":"https:\/\/www.keinblatt.de\/blog\/wp-json\/wp\/v2\/comments?post=3102"}],"version-history":[{"count":0,"href":"https:\/\/www.keinblatt.de\/blog\/wp-json\/wp\/v2\/posts\/3102\/revisions"}],"wp:attachment":[{"href":"https:\/\/www.keinblatt.de\/blog\/wp-json\/wp\/v2\/media?parent=3102"}],"wp:term":[{"taxonomy":"category","embeddable":true,"href":"https:\/\/www.keinblatt.de\/blog\/wp-json\/wp\/v2\/categories?post=3102"},{"taxonomy":"post_tag","embeddable":true,"href":"https:\/\/www.keinblatt.de\/blog\/wp-json\/wp\/v2\/tags?post=3102"}],"curies":[{"name":"wp","href":"https:\/\/api.w.org\/{rel}","templated":true}]}}