{"id":3011,"date":"2019-01-09T14:27:04","date_gmt":"2019-01-09T13:27:04","guid":{"rendered":"https:\/\/www.keinblatt.de\/blog\/?p=3011"},"modified":"2021-11-18T12:36:52","modified_gmt":"2021-11-18T11:36:52","slug":"nach-umstrittenem-tweet-mit-vokabel-volksgemeinschaft-poggenburg-entschuldigt-sich-beim-fuehrer","status":"publish","type":"post","link":"https:\/\/www.keinblatt.de\/blog\/nach-umstrittenem-tweet-mit-vokabel-volksgemeinschaft-poggenburg-entschuldigt-sich-beim-fuehrer\/","title":{"rendered":"Nach umstrittenem Tweet mit Vokabel &#8222;Volksgemeinschaft&#8220;: Poggenburg entschuldigt sich beim F\u00fchrer"},"content":{"rendered":"<figure id=\"attachment_3012\" aria-describedby=\"caption-attachment-3012\" style=\"width: 325px\" class=\"wp-caption alignleft\"><a href=\"https:\/\/www.keinblatt.de\/blog\/wp-content\/uploads\/2019\/01\/Andr\u00e9_Poggenburg_in_Hannover_2015-11_crop.jpg\"><img loading=\"lazy\" decoding=\"async\" class=\"size-full wp-image-3012\" src=\"https:\/\/www.keinblatt.de\/blog\/wp-content\/uploads\/2019\/01\/Andr\u00e9_Poggenburg_in_Hannover_2015-11_crop.jpg\" alt=\"Andr\u00e9 Poggenburg\" width=\"325\" height=\"346\" srcset=\"https:\/\/www.keinblatt.de\/blog\/wp-content\/uploads\/2019\/01\/Andr\u00e9_Poggenburg_in_Hannover_2015-11_crop.jpg 325w, https:\/\/www.keinblatt.de\/blog\/wp-content\/uploads\/2019\/01\/Andr\u00e9_Poggenburg_in_Hannover_2015-11_crop-282x300.jpg 282w\" sizes=\"auto, (max-width: 325px) 100vw, 325px\" \/><\/a><figcaption id=\"caption-attachment-3012\" class=\"wp-caption-text\">Andr\u00e9 Poggenburg (AfD). Foto: <a href=\"https:\/\/commons.wikimedia.org\/wiki\/File:Andr%C3%A9_Poggenburg_in_Hannover_2015-11_(crop).jpg\" target=\"_blank\">rufusmovie<\/a> \/ Lizenz: <a href=\"https:\/\/creativecommons.org\/licenses\/by\/3.0\/deed.en\" target=\"_blank\">CC BY 3.0<\/a><\/figcaption><\/figure>\n<p>Na, geht doch. Jeder macht einmal Fehler . Wichtig ist, dass derjenige sie einsieht und sich f\u00fcr den Missgriff entschuldigt.<\/p>\n<p><a href=\"https:\/\/www.tagesschau.de\/inland\/poggenburg-afd-103.html\" target=\"_blank\" rel=\"noopener noreferrer\">Sachsen-Anhalts fr\u00fcherer AfD-Fraktionschef Poggenburg hatte an Silvester folgendes getwittert<\/a>:<\/p>\n<blockquote><p>Den Mitb\u00fcrgern unserer Volksgemeinschaft ein gesundes, friedliches und patriotisches 2019!<\/p><\/blockquote>\n<p>F\u00fcr das anst\u00f6\u00dfige Wort <em>Volksgemeinschaft<\/em>, das klar dem Nazi-Vokabular zuzurechnen ist, hat sich Poggenburg nun in aller Form beim F\u00fchrer entschuldigt. Poggenburg akzeptierte au\u00dferdem eine zweij\u00e4hrige Sperre f\u00fcr alle Partei\u00e4mter.<\/p>\n","protected":false},"excerpt":{"rendered":"<p>Na, geht doch. Jeder macht einmal Fehler . Wichtig ist, dass derjenige sie einsieht und sich f\u00fcr den Missgriff entschuldigt. Sachsen-Anhalts fr\u00fcherer AfD-Fraktionschef Poggenburg hatte an Silvester folgendes getwittert: Den Mitb\u00fcrgern unserer Volksgemeinschaft ein gesundes, friedliches und patriotisches 2019! F\u00fcr das anst\u00f6\u00dfige Wort Volksgemeinschaft, das klar dem Nazi-Vokabular zuzurechnen ist, hat sich Poggenburg nun in [&hellip;]<\/p>\n","protected":false},"author":1,"featured_media":0,"comment_status":"open","ping_status":"open","sticky":false,"template":"","format":"standard","meta":{"footnotes":""},"categories":[23,6,20],"tags":[700,2067,2068,934,1299,474],"class_list":["post-3011","post","type-post","status-publish","format-standard","hentry","category-historisches","category-politik","category-sprachliches","tag-afd","tag-andre-poggenburg","tag-fuehrer","tag-nationalsozialismus","tag-nazis","tag-twitter"],"_links":{"self":[{"href":"https:\/\/www.keinblatt.de\/blog\/wp-json\/wp\/v2\/posts\/3011","targetHints":{"allow":["GET"]}}],"collection":[{"href":"https:\/\/www.keinblatt.de\/blog\/wp-json\/wp\/v2\/posts"}],"about":[{"href":"https:\/\/www.keinblatt.de\/blog\/wp-json\/wp\/v2\/types\/post"}],"author":[{"embeddable":true,"href":"https:\/\/www.keinblatt.de\/blog\/wp-json\/wp\/v2\/users\/1"}],"replies":[{"embeddable":true,"href":"https:\/\/www.keinblatt.de\/blog\/wp-json\/wp\/v2\/comments?post=3011"}],"version-history":[{"count":0,"href":"https:\/\/www.keinblatt.de\/blog\/wp-json\/wp\/v2\/posts\/3011\/revisions"}],"wp:attachment":[{"href":"https:\/\/www.keinblatt.de\/blog\/wp-json\/wp\/v2\/media?parent=3011"}],"wp:term":[{"taxonomy":"category","embeddable":true,"href":"https:\/\/www.keinblatt.de\/blog\/wp-json\/wp\/v2\/categories?post=3011"},{"taxonomy":"post_tag","embeddable":true,"href":"https:\/\/www.keinblatt.de\/blog\/wp-json\/wp\/v2\/tags?post=3011"}],"curies":[{"name":"wp","href":"https:\/\/api.w.org\/{rel}","templated":true}]}}