{"id":2989,"date":"2018-12-20T21:46:07","date_gmt":"2018-12-20T20:46:07","guid":{"rendered":"https:\/\/www.keinblatt.de\/blog\/?p=2989"},"modified":"2018-12-20T22:37:23","modified_gmt":"2018-12-20T21:37:23","slug":"nach-abblitzen-wegen-ministeramt-merz-stellt-sein-neues-buch-vor-die-bierdeckelsteuer-politikrecht-verlag-2-seiten","status":"publish","type":"post","link":"https:\/\/www.keinblatt.de\/blog\/nach-abblitzen-wegen-ministeramt-merz-stellt-sein-neues-buch-vor-die-bierdeckelsteuer-politikrecht-verlag-2-seiten\/","title":{"rendered":"Nach Abblitzen wegen Ministeramt \u2013 Merz stellt sein neues Buch vor: &#8222;Die Bierdeckelsteuer&#8220; \u2013 Politik&#038;Recht-Verlag, 2 Seiten"},"content":{"rendered":"<figure id=\"attachment_2971\" aria-describedby=\"caption-attachment-2971\" style=\"width: 214px\" class=\"wp-caption alignleft\"><a href=\"https:\/\/www.keinblatt.de\/blog\/wp-content\/uploads\/2018\/12\/Friedrich_Merz_2017.jpg\"><img loading=\"lazy\" decoding=\"async\" class=\"size-medium wp-image-2971\" src=\"https:\/\/www.keinblatt.de\/blog\/wp-content\/uploads\/2018\/12\/Friedrich_Merz_2017-214x300.jpg\" alt=\"Friedrich Merz 2017\" width=\"214\" height=\"300\" srcset=\"https:\/\/www.keinblatt.de\/blog\/wp-content\/uploads\/2018\/12\/Friedrich_Merz_2017-214x300.jpg 214w, https:\/\/www.keinblatt.de\/blog\/wp-content\/uploads\/2018\/12\/Friedrich_Merz_2017.jpg 656w\" sizes=\"auto, (max-width: 214px) 100vw, 214px\" \/><\/a><figcaption id=\"caption-attachment-2971\" class=\"wp-caption-text\">Friedrich Merz (CDU): Buch als T\u00fcr\u00f6ffner in die gro\u00dfe Politik? Foto: <a href=\"https:\/\/pixeldost.com\/impressum.html\" target=\"_blank\">Michael Lucan<\/a> \/ Lizenz: <a href=\"https:\/\/creativecommons.org\/licenses\/by-sa\/3.0\/de\/legalcode\" target=\"_blank\">CC-BY-SA 3.0 de<\/a><\/figcaption><\/figure>\n<p>Friedrich Merz will zur\u00fcck in die gro\u00dfe Politik. Doch bei der Wahl zum CDU-Vorsitzenden erlitt er eine knappe Niederlage. AKK, die von Angela Merkel aufgebaut worden war, setzte sich durch. Damit scheiterte Merz wieder einmal an Merkel. Merz reduzierte, danach wollte er nur noch ein Ministeramt. Doch er blitze erneut ab und schon wieder war es Merkel, an der er nicht vorbeikam.<\/p>\n<p>Merz war aber die letzten Monate nicht unt\u00e4tig. Neben seiner T\u00e4tigkeit als Aufsichtsratsvorsitzender und Lobbyist f\u00fcr den deutschen Ableger des weltweit gr\u00f6\u00dften Verm\u00f6gensverwalters BlackRock schrieb Merz an seinem neuen Buch, seinem vierten. Zwei Jahre Arbeit hat er reingesteckt. Merz tritt bekanntlich f\u00fcr eine radikale Steuervereinfachung ein. Die Steuererkl\u00e4rung soll dabei so weit vereinfacht werden, dass sie auf einen Bierdeckel passt. Genau diese Idee beleuchtet er in seinem neuen Werk.<\/p>\n<p>Dieses Buch stellte Merz heute vor: &#8222;Die Bierdeckelsteuer&#8220;, Politik&amp;Recht-Verlag, 2 Seiten. Wegen des eher geringen Umfangs kostet das Buch nur 3,99 Euro. Die Ausgaben k\u00f6nnen bei der Steuererkl\u00e4rung geltend gemacht werden, was im Anhang des Buches beschrieben wird. Das Buch kann nun bei allen Buchh\u00e4ndlern vorbestellt werden, am 4.1.2019 soll es ausgeliefert werden. F\u00fcr den M\u00e4rz ist noch eine Luxusausgabe mit einem Einband aus Merzvieh-Leder geplant.<\/p>\n<p>Merz bekr\u00e4ftigte, weiterhin eine T\u00e4tigkeit im Bundestag anzustreben. Er habe sich erneut f\u00fcr eine Stelle beworben. Der versammelten Presse wollte Merz aber nicht sagen, auf welche Funktion die Bewerbung abziele. Laut Recherche der Redaktion wird derzeit f\u00fcr den Bundestag nur eine Reinigungskraft gesucht.<\/p>\n","protected":false},"excerpt":{"rendered":"<p>Friedrich Merz will zur\u00fcck in die gro\u00dfe Politik. Doch bei der Wahl zum CDU-Vorsitzenden erlitt er eine knappe Niederlage. AKK, die von Angela Merkel aufgebaut worden war, setzte sich durch. Damit scheiterte Merz wieder einmal an Merkel. Merz reduzierte, danach wollte er nur noch ein Ministeramt. Doch er blitze erneut ab und schon wieder war [&hellip;]<\/p>\n","protected":false},"author":1,"featured_media":0,"comment_status":"open","ping_status":"open","sticky":false,"template":"","format":"standard","meta":{"footnotes":""},"categories":[24,5,6],"tags":[95,979,2044,2045,2043,1883,2006,1884,1670,752],"class_list":["post-2989","post","type-post","status-publish","format-standard","hentry","category-finanzen","category-medien","category-politik","tag-angela-merkel","tag-annegret-kramp-karrenbauer","tag-bierdeckel","tag-blackrock","tag-buch","tag-bundesminister","tag-friedrich-merz","tag-minister","tag-steuererklaerung","tag-steuern"],"_links":{"self":[{"href":"https:\/\/www.keinblatt.de\/blog\/wp-json\/wp\/v2\/posts\/2989","targetHints":{"allow":["GET"]}}],"collection":[{"href":"https:\/\/www.keinblatt.de\/blog\/wp-json\/wp\/v2\/posts"}],"about":[{"href":"https:\/\/www.keinblatt.de\/blog\/wp-json\/wp\/v2\/types\/post"}],"author":[{"embeddable":true,"href":"https:\/\/www.keinblatt.de\/blog\/wp-json\/wp\/v2\/users\/1"}],"replies":[{"embeddable":true,"href":"https:\/\/www.keinblatt.de\/blog\/wp-json\/wp\/v2\/comments?post=2989"}],"version-history":[{"count":0,"href":"https:\/\/www.keinblatt.de\/blog\/wp-json\/wp\/v2\/posts\/2989\/revisions"}],"wp:attachment":[{"href":"https:\/\/www.keinblatt.de\/blog\/wp-json\/wp\/v2\/media?parent=2989"}],"wp:term":[{"taxonomy":"category","embeddable":true,"href":"https:\/\/www.keinblatt.de\/blog\/wp-json\/wp\/v2\/categories?post=2989"},{"taxonomy":"post_tag","embeddable":true,"href":"https:\/\/www.keinblatt.de\/blog\/wp-json\/wp\/v2\/tags?post=2989"}],"curies":[{"name":"wp","href":"https:\/\/api.w.org\/{rel}","templated":true}]}}