{"id":2946,"date":"2018-11-12T23:54:32","date_gmt":"2018-11-12T22:54:32","guid":{"rendered":"https:\/\/www.keinblatt.de\/blog\/?p=2946"},"modified":"2018-11-13T00:04:11","modified_gmt":"2018-11-12T23:04:11","slug":"seehofer-kuendigt-tritt-in-hundehaufen-an","status":"publish","type":"post","link":"https:\/\/www.keinblatt.de\/blog\/seehofer-kuendigt-tritt-in-hundehaufen-an\/","title":{"rendered":"Seehofer k\u00fcndigt Tritt in Hundehaufen an"},"content":{"rendered":"<figure id=\"attachment_2406\" aria-describedby=\"caption-attachment-2406\" style=\"width: 300px\" class=\"wp-caption alignleft\"><a href=\"https:\/\/www.keinblatt.de\/blog\/wp-content\/uploads\/2016\/12\/Horst_Seehofer_November_2015.jpg\"><img loading=\"lazy\" decoding=\"async\" class=\"size-medium wp-image-2406\" src=\"https:\/\/www.keinblatt.de\/blog\/wp-content\/uploads\/2016\/12\/Horst_Seehofer_November_2015-300x200.jpg\" alt=\"Horst Seehofer\" width=\"300\" height=\"200\" srcset=\"https:\/\/www.keinblatt.de\/blog\/wp-content\/uploads\/2016\/12\/Horst_Seehofer_November_2015-300x200.jpg 300w, https:\/\/www.keinblatt.de\/blog\/wp-content\/uploads\/2016\/12\/Horst_Seehofer_November_2015-768x512.jpg 768w, https:\/\/www.keinblatt.de\/blog\/wp-content\/uploads\/2016\/12\/Horst_Seehofer_November_2015.jpg 800w\" sizes=\"auto, (max-width: 300px) 100vw, 300px\" \/><\/a><figcaption id=\"caption-attachment-2406\" class=\"wp-caption-text\">Horst Seehofer (CSU) f\u00fchlt sich hundeelend, er ist krank. Foto: <a href=\"https:\/\/commons.wikimedia.org\/wiki\/File:Horst_Seehofer_November_2015.jpg\" target=\"_blank\">Freud<\/a> \/ Lizenz: <a href=\"https:\/\/creativecommons.org\/licenses\/by-sa\/3.0\/deed.en\" target=\"_blank\">CC BY-SA 3.0<\/a><\/figcaption><\/figure>\n<p>Viele k\u00f6nnen Horst Seehofers Ank\u00fcndigungen nicht mehr h\u00f6ren. T\u00e4glich verk\u00fcndet der Minister des Bundes und der Bundesinnen Zeitpl\u00e4ne zu irgendwelchen R\u00fccktritten.<\/p>\n<p>Nun wurde bekannt, Horst Seehofer ist krank. Er leidet unter einem Ank\u00fcndigungszwang dritten Grades. Der dritte Grad bedeutet, dass die Ereignisse besonders weit in der Zukunft liegen. R\u00fccktritt als Parteichef? \u2013 Anfang 2019. Den genauen Termin wird Seehofer noch diese Woche bekanntgeben.&#8220; \u2013 R\u00fccktritt als Bundesinnenminister? \u2013 &#8222;Fr\u00fchestens nach Er\u00f6ffnung des BER. Den genauen Termin, an dem ich sagen werde, wann ich zur\u00fccktrete, gebe ich Ihnen zwei Wochen nach meiner Ansprache zur Er\u00f6ffnung des BER. Der BER ist zu wichtig, da geht es um Sicherheit und Heimat. Das ist eine ureigene Aufgabe des Bundesinnenministers!&#8220;, so Seehofer.<\/p>\n<p>Ferner k\u00fcndigte Seehofer an, Anfang 2020 in einen Hundehaufen zu treten. &#8222;Rein zuf\u00e4llig, versteht sich. Unabsichtlich. Den genauen Termin gebe ich Ihnen noch. Mit welchen Schuhen ich treten werde, muss noch auf dem Hundesparteitag gekl\u00e4rt werden. Auch, mit welcher Seite. Gehen Sie aber mal davon aus, dass es mit <em>Rechts<\/em> passieren wird. Ich bin ja kein linker Hund, also! Ich sage Ihnen, das wird so eine Schei\u00dfe sein!&#8220;<\/p>\n","protected":false},"excerpt":{"rendered":"<p>Viele k\u00f6nnen Horst Seehofers Ank\u00fcndigungen nicht mehr h\u00f6ren. T\u00e4glich verk\u00fcndet der Minister des Bundes und der Bundesinnen Zeitpl\u00e4ne zu irgendwelchen R\u00fccktritten. Nun wurde bekannt, Horst Seehofer ist krank. Er leidet unter einem Ank\u00fcndigungszwang dritten Grades. Der dritte Grad bedeutet, dass die Ereignisse besonders weit in der Zukunft liegen. R\u00fccktritt als Parteichef? \u2013 Anfang 2019. Den [&hellip;]<\/p>\n","protected":false},"author":1,"featured_media":0,"comment_status":"open","ping_status":"open","sticky":false,"template":"","format":"standard","meta":{"footnotes":""},"categories":[2,6],"tags":[240,1868,1945,763],"class_list":["post-2946","post","type-post","status-publish","format-standard","hentry","category-gesellschaftliches","category-politik","tag-horst-seehofer","tag-hundekot","tag-innenministerium","tag-ruecktritt"],"_links":{"self":[{"href":"https:\/\/www.keinblatt.de\/blog\/wp-json\/wp\/v2\/posts\/2946","targetHints":{"allow":["GET"]}}],"collection":[{"href":"https:\/\/www.keinblatt.de\/blog\/wp-json\/wp\/v2\/posts"}],"about":[{"href":"https:\/\/www.keinblatt.de\/blog\/wp-json\/wp\/v2\/types\/post"}],"author":[{"embeddable":true,"href":"https:\/\/www.keinblatt.de\/blog\/wp-json\/wp\/v2\/users\/1"}],"replies":[{"embeddable":true,"href":"https:\/\/www.keinblatt.de\/blog\/wp-json\/wp\/v2\/comments?post=2946"}],"version-history":[{"count":0,"href":"https:\/\/www.keinblatt.de\/blog\/wp-json\/wp\/v2\/posts\/2946\/revisions"}],"wp:attachment":[{"href":"https:\/\/www.keinblatt.de\/blog\/wp-json\/wp\/v2\/media?parent=2946"}],"wp:term":[{"taxonomy":"category","embeddable":true,"href":"https:\/\/www.keinblatt.de\/blog\/wp-json\/wp\/v2\/categories?post=2946"},{"taxonomy":"post_tag","embeddable":true,"href":"https:\/\/www.keinblatt.de\/blog\/wp-json\/wp\/v2\/tags?post=2946"}],"curies":[{"name":"wp","href":"https:\/\/api.w.org\/{rel}","templated":true}]}}