{"id":2915,"date":"2018-10-01T18:34:32","date_gmt":"2018-10-01T16:34:32","guid":{"rendered":"https:\/\/www.keinblatt.de\/blog\/?p=2915"},"modified":"2018-10-01T19:07:53","modified_gmt":"2018-10-01T17:07:53","slug":"wegen-abholzung-des-hambacher-forstes-jan-29-kauft-nicht-mehr-bei-rewe","status":"publish","type":"post","link":"https:\/\/www.keinblatt.de\/blog\/wegen-abholzung-des-hambacher-forstes-jan-29-kauft-nicht-mehr-bei-rewe\/","title":{"rendered":"Wegen Abholzung des Hambacher Forstes: Jan (29) kauft nicht mehr bei REWE"},"content":{"rendered":"<figure id=\"attachment_2916\" aria-describedby=\"caption-attachment-2916\" style=\"width: 960px\" class=\"wp-caption alignnone\"><a href=\"https:\/\/www.keinblatt.de\/blog\/wp-content\/uploads\/2018\/10\/garzweiler-2515791_960_720.jpg\"><img loading=\"lazy\" decoding=\"async\" class=\"size-full wp-image-2916\" src=\"https:\/\/www.keinblatt.de\/blog\/wp-content\/uploads\/2018\/10\/garzweiler-2515791_960_720.jpg\" alt=\"Garzweiler Braunkohletagebau\" width=\"960\" height=\"640\" srcset=\"https:\/\/www.keinblatt.de\/blog\/wp-content\/uploads\/2018\/10\/garzweiler-2515791_960_720.jpg 960w, https:\/\/www.keinblatt.de\/blog\/wp-content\/uploads\/2018\/10\/garzweiler-2515791_960_720-300x200.jpg 300w, https:\/\/www.keinblatt.de\/blog\/wp-content\/uploads\/2018\/10\/garzweiler-2515791_960_720-768x512.jpg 768w\" sizes=\"auto, (max-width: 960px) 100vw, 960px\" \/><\/a><figcaption id=\"caption-attachment-2916\" class=\"wp-caption-text\">Braunkohletagebau (Symbolfoto). Lizenz: Public Domain<\/figcaption><\/figure>\n<p><a href=\"https:\/\/www.spiegel.de\/wirtschaft\/soziales\/hambacher-forst-polizei-meldet-77-geraeumte-baumhaeuser-a-1230894.html\" target=\"_blank\" rel=\"noopener\">Die R\u00e4umung des Hambacher Forstes geht weiter.\u00a0 Inzwischen wurden bereits 77 von 60 Baumh\u00e4usern ger\u00e4umt<\/a>, meldet der Spiegel. Doch das Ende der R\u00e4umung l\u00e4sst auf sich warten. Bis also der Wald abgeholzt und der Braunkohletagebau beginnen kann, wird es wohl noch dauern.<\/p>\n<p>Jan (29) hat nun endg\u00fcltig die Schnauze voll. Der gewaltsame Einsatz gegen Umweltaktivisten sei v\u00f6llig unverh\u00e4ltnism\u00e4\u00dfig, findet Jan. Und das f\u00fcr eine derart schmutzige Form der Energieerzeugung. Braunkohle sei ein absolutes Auslaufmodell. Er hat daher f\u00fcr sich eine Entscheidung getroffen. Jan wird nicht mehr bei REWE einkaufen.<\/p>\n","protected":false},"excerpt":{"rendered":"<p>Die R\u00e4umung des Hambacher Forstes geht weiter.\u00a0 Inzwischen wurden bereits 77 von 60 Baumh\u00e4usern ger\u00e4umt, meldet der Spiegel. Doch das Ende der R\u00e4umung l\u00e4sst auf sich warten. Bis also der Wald abgeholzt und der Braunkohletagebau beginnen kann, wird es wohl noch dauern. Jan (29) hat nun endg\u00fcltig die Schnauze voll. Der gewaltsame Einsatz gegen Umweltaktivisten [&hellip;]<\/p>\n","protected":false},"author":1,"featured_media":0,"comment_status":"open","ping_status":"open","sticky":false,"template":"","format":"standard","meta":{"footnotes":""},"categories":[2,1978,977,15,6],"tags":[1982,1984,1979,1980,1981,358,1983,1719],"class_list":["post-2915","post","type-post","status-publish","format-standard","hentry","category-gesellschaftliches","category-industrie-und-handel","category-konflikteterrormilitaer","category-natur","category-politik","tag-abholzung","tag-baumhaus","tag-braunkohle","tag-braunkohletagebau","tag-hambacher-forst","tag-nrw","tag-schaufelradbagger","tag-wald"],"_links":{"self":[{"href":"https:\/\/www.keinblatt.de\/blog\/wp-json\/wp\/v2\/posts\/2915","targetHints":{"allow":["GET"]}}],"collection":[{"href":"https:\/\/www.keinblatt.de\/blog\/wp-json\/wp\/v2\/posts"}],"about":[{"href":"https:\/\/www.keinblatt.de\/blog\/wp-json\/wp\/v2\/types\/post"}],"author":[{"embeddable":true,"href":"https:\/\/www.keinblatt.de\/blog\/wp-json\/wp\/v2\/users\/1"}],"replies":[{"embeddable":true,"href":"https:\/\/www.keinblatt.de\/blog\/wp-json\/wp\/v2\/comments?post=2915"}],"version-history":[{"count":0,"href":"https:\/\/www.keinblatt.de\/blog\/wp-json\/wp\/v2\/posts\/2915\/revisions"}],"wp:attachment":[{"href":"https:\/\/www.keinblatt.de\/blog\/wp-json\/wp\/v2\/media?parent=2915"}],"wp:term":[{"taxonomy":"category","embeddable":true,"href":"https:\/\/www.keinblatt.de\/blog\/wp-json\/wp\/v2\/categories?post=2915"},{"taxonomy":"post_tag","embeddable":true,"href":"https:\/\/www.keinblatt.de\/blog\/wp-json\/wp\/v2\/tags?post=2915"}],"curies":[{"name":"wp","href":"https:\/\/api.w.org\/{rel}","templated":true}]}}