{"id":2906,"date":"2018-07-20T23:03:38","date_gmt":"2018-07-20T21:03:38","guid":{"rendered":"https:\/\/www.keinblatt.de\/blog\/?p=2906"},"modified":"2018-07-20T23:03:38","modified_gmt":"2018-07-20T21:03:38","slug":"soeder-schliesst-koalition-mit-afd-in-bayern-aus-bei-zu-vielen-gemeinsamkeiten-verschwimmt-eigene-kontur","status":"publish","type":"post","link":"https:\/\/www.keinblatt.de\/blog\/soeder-schliesst-koalition-mit-afd-in-bayern-aus-bei-zu-vielen-gemeinsamkeiten-verschwimmt-eigene-kontur\/","title":{"rendered":"S\u00f6der schlie\u00dft Koalition mit AfD in Bayern aus \u2013 bei zu vielen Gemeinsamkeiten verschwimmt eigene Kontur"},"content":{"rendered":"<figure id=\"attachment_2870\" aria-describedby=\"caption-attachment-2870\" style=\"width: 278px\" class=\"wp-caption alignleft\"><a href=\"https:\/\/www.keinblatt.de\/blog\/wp-content\/uploads\/2018\/05\/949px-2509_Markus_S\u00f6der.jpg\"><img loading=\"lazy\" decoding=\"async\" class=\"size-medium wp-image-2870\" src=\"https:\/\/www.keinblatt.de\/blog\/wp-content\/uploads\/2018\/05\/949px-2509_Markus_S\u00f6der-278x300.jpg\" alt=\"Markus S\u00f6der\" width=\"278\" height=\"300\" srcset=\"https:\/\/www.keinblatt.de\/blog\/wp-content\/uploads\/2018\/05\/949px-2509_Markus_S\u00f6der-278x300.jpg 278w, https:\/\/www.keinblatt.de\/blog\/wp-content\/uploads\/2018\/05\/949px-2509_Markus_S\u00f6der-768x829.jpg 768w, https:\/\/www.keinblatt.de\/blog\/wp-content\/uploads\/2018\/05\/949px-2509_Markus_S\u00f6der.jpg 949w\" sizes=\"auto, (max-width: 278px) 100vw, 278px\" \/><\/a><figcaption id=\"caption-attachment-2870\" class=\"wp-caption-text\">S\u00f6der will nicht, dass Blau-Schwarz und Blau-Braun miteinander koalieren. Foto: <a href=\"https:\/\/commons.wikimedia.org\/wiki\/File:2509_Markus_S%C3%B6der.jpg\" target=\"_blank\">Freud<\/a> \/ Lizenz: <a href=\"https:\/\/creativecommons.org\/licenses\/by-sa\/3.0\/deed.en\" target=\"_blank\">CC BY-SA 3.0<\/a><\/figcaption><\/figure>\n<p>Die CSU ist in den Umfragen abgest\u00fcrzt. Die Christlich Spiritistische Union (CSU) kommt bei den Wahlen zum Bayerischen Landtag derzeit nur noch auf 38 bis 39 %. Eine Koalition mit der FDP w\u00fcrde keine Mehrheit haben, auch mit den Freien W\u00e4hlern w\u00fcrde es sehr knapp werden. Eine komfortable Mehrheit g\u00e4be es dagegen mit der AFD.<\/p>\n<p>Doch eine solche Koalition hat Ministerpr\u00e4sident Markus S\u00f6der heute v\u00f6llig \u00fcberraschend ausgeschlossen. S\u00f6der sagte unserem Blatt, dass es zu viele Gemeinsamkeiten zwischen CSU und AfD gebe, da verschwimme die eigene Kontur. F\u00fcr den Ministerpr\u00e4sidenten sei eine eigene charakteristische Handschrift notwendig. &#8222;Stellen Sie sich einmal vor, CDU und CSU w\u00fcrden koalieren, auch das ist eher undenkbar, nicht nur, weil die Parteien gar nicht gemeinsam antreten&#8220;, so S\u00f6der, &#8222;sondern auch, weil sich beide Parteien ja die Union seien. Sie k\u00f6nnten ja kaum mit sich selbst koalieren. Und genau aus diesem Grund bin ich auch dagegen, dass sich Singles selbst heiraten d\u00fcrfen, denn das ist im Prinzip dasselbe, wenn auch nicht das Gleiche. Ich habe mich noch nicht mal damit abgefunden, dass Katholiken und Protestanten untereinander heiraten d\u00fcrfen, das ist mir heute immer noch zu progressiv, dann kommen Sie mir also nicht mit so etwas!&#8220;<\/p>\n<p>Im Fall der F\u00e4lle will S\u00f6der mit den &#8222;Absoluten&#8220; koalieren, das garantiere stets die absolute Mehrheit. &#8222;Das haben wir schon ein paar Mal gemacht, und keinem ist es aufgefallen&#8220;, so der bayerische Ministerpr\u00e4sident.<\/p>\n","protected":false},"excerpt":{"rendered":"<p>Die CSU ist in den Umfragen abgest\u00fcrzt. Die Christlich Spiritistische Union (CSU) kommt bei den Wahlen zum Bayerischen Landtag derzeit nur noch auf 38 bis 39 %. Eine Koalition mit der FDP w\u00fcrde keine Mehrheit haben, auch mit den Freien W\u00e4hlern w\u00fcrde es sehr knapp werden. Eine komfortable Mehrheit g\u00e4be es dagegen mit der AFD. [&hellip;]<\/p>\n","protected":false},"author":1,"featured_media":0,"comment_status":"open","ping_status":"open","sticky":false,"template":"","format":"standard","meta":{"footnotes":""},"categories":[6],"tags":[700,266,394,182,453],"class_list":["post-2906","post","type-post","status-publish","format-standard","hentry","category-politik","tag-afd","tag-bayern","tag-csu","tag-landtagswahl","tag-markus-soeder"],"_links":{"self":[{"href":"https:\/\/www.keinblatt.de\/blog\/wp-json\/wp\/v2\/posts\/2906","targetHints":{"allow":["GET"]}}],"collection":[{"href":"https:\/\/www.keinblatt.de\/blog\/wp-json\/wp\/v2\/posts"}],"about":[{"href":"https:\/\/www.keinblatt.de\/blog\/wp-json\/wp\/v2\/types\/post"}],"author":[{"embeddable":true,"href":"https:\/\/www.keinblatt.de\/blog\/wp-json\/wp\/v2\/users\/1"}],"replies":[{"embeddable":true,"href":"https:\/\/www.keinblatt.de\/blog\/wp-json\/wp\/v2\/comments?post=2906"}],"version-history":[{"count":0,"href":"https:\/\/www.keinblatt.de\/blog\/wp-json\/wp\/v2\/posts\/2906\/revisions"}],"wp:attachment":[{"href":"https:\/\/www.keinblatt.de\/blog\/wp-json\/wp\/v2\/media?parent=2906"}],"wp:term":[{"taxonomy":"category","embeddable":true,"href":"https:\/\/www.keinblatt.de\/blog\/wp-json\/wp\/v2\/categories?post=2906"},{"taxonomy":"post_tag","embeddable":true,"href":"https:\/\/www.keinblatt.de\/blog\/wp-json\/wp\/v2\/tags?post=2906"}],"curies":[{"name":"wp","href":"https:\/\/api.w.org\/{rel}","templated":true}]}}