{"id":2818,"date":"2018-03-06T22:40:25","date_gmt":"2018-03-06T21:40:25","guid":{"rendered":"http:\/\/www.keinblatt.de\/blog\/?p=2818"},"modified":"2018-03-11T22:50:26","modified_gmt":"2018-03-11T21:50:26","slug":"dorothee-baer-sieht-in-digitalisierung-gleichbehandlung-verletzt-nur-1-und-0-gibt-es-zwischenwerte-wuerden-diskriminiert","status":"publish","type":"post","link":"https:\/\/www.keinblatt.de\/blog\/dorothee-baer-sieht-in-digitalisierung-gleichbehandlung-verletzt-nur-1-und-0-gibt-es-zwischenwerte-wuerden-diskriminiert\/","title":{"rendered":"Dorothee B\u00e4r sieht in Digitalisierung Gleichbehandlung verletzt: Nur 1 und 0 gibt es, Zwischenwerte w\u00fcrden diskriminiert"},"content":{"rendered":"<figure id=\"attachment_2819\" aria-describedby=\"caption-attachment-2819\" style=\"width: 800px\" class=\"wp-caption alignnone\"><a href=\"https:\/\/www.keinblatt.de\/blog\/wp-content\/uploads\/2018\/03\/WLP14-ri-0496-_Dorothee_B\u00e4r_CSU_MdB.jpg\"><img loading=\"lazy\" decoding=\"async\" class=\"size-full wp-image-2819\" src=\"https:\/\/www.keinblatt.de\/blog\/wp-content\/uploads\/2018\/03\/WLP14-ri-0496-_Dorothee_B\u00e4r_CSU_MdB.jpg\" alt=\"Dorothee B\u00e4r\" width=\"800\" height=\"531\" srcset=\"https:\/\/www.keinblatt.de\/blog\/wp-content\/uploads\/2018\/03\/WLP14-ri-0496-_Dorothee_B\u00e4r_CSU_MdB.jpg 800w, https:\/\/www.keinblatt.de\/blog\/wp-content\/uploads\/2018\/03\/WLP14-ri-0496-_Dorothee_B\u00e4r_CSU_MdB-300x199.jpg 300w, https:\/\/www.keinblatt.de\/blog\/wp-content\/uploads\/2018\/03\/WLP14-ri-0496-_Dorothee_B\u00e4r_CSU_MdB-768x510.jpg 768w\" sizes=\"auto, (max-width: 800px) 100vw, 800px\" \/><\/a><figcaption id=\"caption-attachment-2819\" class=\"wp-caption-text\">Dorothee B\u00e4r (CSU) bekommt das fortschrittlichste Bundesministerium, das Deutschland je hatte. Foto: <a href=\"https:\/\/commons.wikimedia.org\/wiki\/File:WLP14-ri-0496-_Dorothee_B%C3%A4r_(CSU),_MdB.jpg\" target=\"_blank\">Gerd Seide<\/a> \/ Lizenz: <a href=\"https:\/\/creativecommons.org\/licenses\/by-sa\/3.0\/de\/legalcode\" target=\"_blank\">CC-by-sa-3.0 de<\/a><\/figcaption><\/figure>\n<p>Dorothee B\u00e4r (CSU) soll im Kabinett Merkel 4 Staatsministerin im Kanzleramt f\u00fcr Digitalisierung werden. Die Unterfr\u00e4nkin freut sich auf die Herausforderung, sieht aber ihr Themengebiet durchaus auch kritisch. &#8222;Es gibt in der digitalen Welt nur 0 und 1 \u2013 aber alles dazwischen, davor und danach kommt nicht vor. Es ist nicht mal klar, ob diese digitale Null eine schwarze Null oder eine rote Sozen-Null ist. Der Gleichbehandlungsgrundsatz ist da ganz klar verletzt, hier werde ich gewisse Korrekturen vornehmen. Die Welt ist ja auch nicht nur schwarz und wei\u00df, sondern es gibt viel Grau dazwischen, vor allem in der CSU&#8220;, so B\u00e4r.<\/p>\n<p>Zun\u00e4chst einmal will die designierte Staatsministerin alle Arbeitspl\u00e4tze im Bundestag mit Akustikkopplern ausstatten. &#8222;Das ist ein gewaltiger Umbruch und fordert ein Umdenken&#8220;, so B\u00e4r, &#8222;Sie m\u00fcssen bedenken, wenn wir in Franken mit entfernten Leuten sprechen wollen, also quasi remote, falten wir die H\u00e4nde zu einer Art Trichter und dann rufen wir einfach zum n\u00e4chsten Hof. Das wird f\u00fcr die Leute jetzt eine riesige Umstellung. Am Ende muss sogar noch der Seehofer auf seine alten Tage Tinder auf seinem neuen H\u00f6rger\u00e4t installieren. Der ist doch mit seiner Modelleisenbahn schon restlos \u00fcberfordert.&#8220;<\/p>\n<p>Ungef\u00e4hrlich sei die Digitalisierung auch nicht, meint B\u00e4r. &#8222;Die jungen Leute haben inzwischen \u00fcberall Striemen. Die heilen ja kaum ab. Vielen Dank auch, Spotify und Verflixnet!&#8220;<\/p>\n","protected":false},"excerpt":{"rendered":"<p>Dorothee B\u00e4r (CSU) soll im Kabinett Merkel 4 Staatsministerin im Kanzleramt f\u00fcr Digitalisierung werden. Die Unterfr\u00e4nkin freut sich auf die Herausforderung, sieht aber ihr Themengebiet durchaus auch kritisch. &#8222;Es gibt in der digitalen Welt nur 0 und 1 \u2013 aber alles dazwischen, davor und danach kommt nicht vor. Es ist nicht mal klar, ob diese [&hellip;]<\/p>\n","protected":false},"author":1,"featured_media":0,"comment_status":"open","ping_status":"open","sticky":false,"template":"","format":"standard","meta":{"footnotes":""},"categories":[6,17],"tags":[1931,1922,1889,1929,1930,1611,240,1932],"class_list":["post-2818","post","type-post","status-publish","format-standard","hentry","category-politik","category-technik","tag-akustikkoppler","tag-bundesregierung","tag-bundestag","tag-digitalisierung","tag-dorothee-baer","tag-franken","tag-horst-seehofer","tag-tinder"],"_links":{"self":[{"href":"https:\/\/www.keinblatt.de\/blog\/wp-json\/wp\/v2\/posts\/2818","targetHints":{"allow":["GET"]}}],"collection":[{"href":"https:\/\/www.keinblatt.de\/blog\/wp-json\/wp\/v2\/posts"}],"about":[{"href":"https:\/\/www.keinblatt.de\/blog\/wp-json\/wp\/v2\/types\/post"}],"author":[{"embeddable":true,"href":"https:\/\/www.keinblatt.de\/blog\/wp-json\/wp\/v2\/users\/1"}],"replies":[{"embeddable":true,"href":"https:\/\/www.keinblatt.de\/blog\/wp-json\/wp\/v2\/comments?post=2818"}],"version-history":[{"count":0,"href":"https:\/\/www.keinblatt.de\/blog\/wp-json\/wp\/v2\/posts\/2818\/revisions"}],"wp:attachment":[{"href":"https:\/\/www.keinblatt.de\/blog\/wp-json\/wp\/v2\/media?parent=2818"}],"wp:term":[{"taxonomy":"category","embeddable":true,"href":"https:\/\/www.keinblatt.de\/blog\/wp-json\/wp\/v2\/categories?post=2818"},{"taxonomy":"post_tag","embeddable":true,"href":"https:\/\/www.keinblatt.de\/blog\/wp-json\/wp\/v2\/tags?post=2818"}],"curies":[{"name":"wp","href":"https:\/\/api.w.org\/{rel}","templated":true}]}}