{"id":2814,"date":"2018-02-28T19:34:04","date_gmt":"2018-02-28T18:34:04","guid":{"rendered":"http:\/\/www.keinblatt.de\/blog\/?p=2814"},"modified":"2019-01-31T10:17:10","modified_gmt":"2019-01-31T09:17:10","slug":"rekord-kaeltewelle-jan-29-muss-bier-in-kuehlschrank-stellen-um-es-aufzuwaermen","status":"publish","type":"post","link":"https:\/\/www.keinblatt.de\/blog\/rekord-kaeltewelle-jan-29-muss-bier-in-kuehlschrank-stellen-um-es-aufzuwaermen\/","title":{"rendered":"Rekord-K\u00e4ltewelle: Jan (29) muss Bier in K\u00fchlschrank stellen, um es aufzuw\u00e4rmen"},"content":{"rendered":"<figure id=\"attachment_2815\" aria-describedby=\"caption-attachment-2815\" style=\"width: 725px\" class=\"wp-caption alignnone\"><a href=\"https:\/\/www.keinblatt.de\/blog\/wp-content\/uploads\/2018\/02\/open-the-fridge-in-the-kitchen-725x482.jpg\"><img loading=\"lazy\" decoding=\"async\" class=\"size-full wp-image-2815\" src=\"https:\/\/www.keinblatt.de\/blog\/wp-content\/uploads\/2018\/02\/open-the-fridge-in-the-kitchen-725x482.jpg\" alt=\"K\u00fchlschrank\" width=\"725\" height=\"482\" srcset=\"https:\/\/www.keinblatt.de\/blog\/wp-content\/uploads\/2018\/02\/open-the-fridge-in-the-kitchen-725x482.jpg 725w, https:\/\/www.keinblatt.de\/blog\/wp-content\/uploads\/2018\/02\/open-the-fridge-in-the-kitchen-725x482-300x199.jpg 300w\" sizes=\"auto, (max-width: 725px) 100vw, 725px\" \/><\/a><figcaption id=\"caption-attachment-2815\" class=\"wp-caption-text\">Ein K\u00fchlschrank kann entgegen einem weit verbreiteten Irrtum nicht nur k\u00fchlen, sondern auch w\u00e4rmen. N\u00e4mlich dann, wenn das Aufzubewahrende k\u00e4lter ist als der K\u00fchlschrankinnenraum. Lizenz: Public Domain<\/figcaption><\/figure>\n<p>Deutschland bibbert. Heute war der H\u00f6hepunkt der K\u00e4ltewelle \u2013 bzw. der Tiefpunkt, so gesehen. Jan (29) hat nun ein Problem: Seine Bierk\u00e4sten bewahrt er in der Abstellkammer auf. Auch in dieser ist die Temperatur stark gesunken. &#8222;Brrrrrrrrrrrrr\u2026&#8220;, sagt Jan, als er mit Mantel und Schal aus seinem Kammerl kommt.<\/p>\n<p>Die Gerstensaft-Droge sp\u00e4t abends nach der Arbeit im Konzerthaus als Notenblatt-Umbl\u00e4tterer, daraus wird erst einmal nichts. Denn das Bier ist so kalt, dass es Jan nicht mehr schmeckt. Da ist es ja im K\u00fchlschrank noch w\u00e4rmer, denkt sich Jan, und hat die z\u00fcndende Idee. Er stellt das Bier f\u00fcr ein paar Stunden in den K\u00fchlschrank \u2013 dem w\u00e4rmsten Ort im Haus. Was Jan macht, funktioniert auch. Nun hat das Bier mit 5 bis 6 Grad angenehme Trinktemperatur.<\/p>\n<p>In den n\u00e4chsten Tagen soll es endlich wieder w\u00e4rmer werden. Dann kann Jan auf die Hilfe des K\u00fchlschranks verzichten. &#8222;Brrrrrrrrrrrrr\u2026, so ein K\u00fchlschrrrank brrraucht ja auch Strrrom!&#8220; sagt Jan an alle Stromsparer gerichtet.<\/p>\n","protected":false},"excerpt":{"rendered":"<p>Deutschland bibbert. Heute war der H\u00f6hepunkt der K\u00e4ltewelle \u2013 bzw. der Tiefpunkt, so gesehen. Jan (29) hat nun ein Problem: Seine Bierk\u00e4sten bewahrt er in der Abstellkammer auf. Auch in dieser ist die Temperatur stark gesunken. &#8222;Brrrrrrrrrrrrr\u2026&#8220;, sagt Jan, als er mit Mantel und Schal aus seinem Kammerl kommt. Die Gerstensaft-Droge sp\u00e4t abends nach der [&hellip;]<\/p>\n","protected":false},"author":1,"featured_media":0,"comment_status":"open","ping_status":"open","sticky":false,"template":"","format":"standard","meta":{"footnotes":""},"categories":[26,15],"tags":[124,198,1924,1923,765],"class_list":["post-2814","post","type-post","status-publish","format-standard","hentry","category-braeuche","category-natur","tag-bier","tag-kaelte","tag-kaeltewelle","tag-kuehlschrank","tag-winter"],"_links":{"self":[{"href":"https:\/\/www.keinblatt.de\/blog\/wp-json\/wp\/v2\/posts\/2814","targetHints":{"allow":["GET"]}}],"collection":[{"href":"https:\/\/www.keinblatt.de\/blog\/wp-json\/wp\/v2\/posts"}],"about":[{"href":"https:\/\/www.keinblatt.de\/blog\/wp-json\/wp\/v2\/types\/post"}],"author":[{"embeddable":true,"href":"https:\/\/www.keinblatt.de\/blog\/wp-json\/wp\/v2\/users\/1"}],"replies":[{"embeddable":true,"href":"https:\/\/www.keinblatt.de\/blog\/wp-json\/wp\/v2\/comments?post=2814"}],"version-history":[{"count":0,"href":"https:\/\/www.keinblatt.de\/blog\/wp-json\/wp\/v2\/posts\/2814\/revisions"}],"wp:attachment":[{"href":"https:\/\/www.keinblatt.de\/blog\/wp-json\/wp\/v2\/media?parent=2814"}],"wp:term":[{"taxonomy":"category","embeddable":true,"href":"https:\/\/www.keinblatt.de\/blog\/wp-json\/wp\/v2\/categories?post=2814"},{"taxonomy":"post_tag","embeddable":true,"href":"https:\/\/www.keinblatt.de\/blog\/wp-json\/wp\/v2\/tags?post=2814"}],"curies":[{"name":"wp","href":"https:\/\/api.w.org\/{rel}","templated":true}]}}