{"id":2797,"date":"2018-02-13T21:49:16","date_gmt":"2018-02-13T20:49:16","guid":{"rendered":"http:\/\/www.keinblatt.de\/blog\/?p=2797"},"modified":"2022-07-20T22:37:08","modified_gmt":"2022-07-20T20:37:08","slug":"vorsitzende-auf-zeit-nahles-stimme-ist-laut-arzt-in-2-jahren-komplett-weggeschrien","status":"publish","type":"post","link":"https:\/\/www.keinblatt.de\/blog\/vorsitzende-auf-zeit-nahles-stimme-ist-laut-arzt-in-2-jahren-komplett-weggeschrien\/","title":{"rendered":"Vorsitzende auf Zeit: Nahles\u2019 Stimme laut Arzt in 2 Jahren komplett weggeschrien"},"content":{"rendered":"<figure id=\"attachment_973\" aria-describedby=\"caption-attachment-973\" style=\"width: 640px\" class=\"wp-caption alignleft\"><img loading=\"lazy\" decoding=\"async\" class=\"size-full wp-image-973\" src=\"https:\/\/www.keinblatt.de\/blog\/wp-content\/uploads\/2014\/09\/640px-Andrea_Nahles_3.jpg\" alt=\"Andrea Nahles\" width=\"640\" height=\"427\" srcset=\"https:\/\/www.keinblatt.de\/blog\/wp-content\/uploads\/2014\/09\/640px-Andrea_Nahles_3.jpg 640w, https:\/\/www.keinblatt.de\/blog\/wp-content\/uploads\/2014\/09\/640px-Andrea_Nahles_3-300x200.jpg 300w, https:\/\/www.keinblatt.de\/blog\/wp-content\/uploads\/2014\/09\/640px-Andrea_Nahles_3-624x416.jpg 624w\" sizes=\"auto, (max-width: 640px) 100vw, 640px\" \/><figcaption id=\"caption-attachment-973\" class=\"wp-caption-text\">Andrea Nahles: &#8222;UND AB MORGEN KRIEGEN SIE IN DIE FRESSE! B\u00c4TSCHI \u2013 B\u00c4TSCHI \u2013 B\u00c4TSCHI \u2013 RRRRRRCHR\u00c4CHZCHR\u00c4CHZCHR\u00c4CHZCHR\u00c4CHZCHR\u00c4CHZCHR\u00c4CHZ!&#8220; \u2013 Foto: <a href=\"https:\/\/commons.wikimedia.org\/wiki\/File:Andrea_Nahles_3.jpg\" target=\"_blank\">Heinrich-B\u00f6ll-Stiftung<\/a> \/ Lizenz: <a href=\"https:\/\/creativecommons.org\/licenses\/by-sa\/2.0\/deed.en\" target=\"_blank\">CC BY-SA 2.0<\/a><\/figcaption><\/figure>\n<p>Nach dem R\u00fcckzug von Martin Schulz als SPD-Parteichef soll es nun Andrea Nahles richten. Sie soll auf einem Sonderparteitag zur neuen SPD-Vorsitzenden gew\u00e4hlt werden.<\/p>\n<p>Nahles\u2019 Arzt Dr. Ende ist deshalb in gro\u00dfer Sorge. Der Mediziner sagte unserem Blatt, seine Untersuchungen h\u00e4tten ergeben, dass Nahles\u2019 Stimme in sp\u00e4testens zwei Jahren komplett weggeschrien sei. Da sei dann nichts mehr zu machen, das w\u00e4re dann irreversibel. Dann w\u00fcrde die SPD wieder eine neue Vorsitzende oder einen neuen Vorsitzenden brauchen.<\/p>\n<p>Zun\u00e4chst \u00fcbernimmt Olaf Scholz kommissarisch das Amt des SPD-Parteivorsitzenden. Offiziell hat man diese Prozedur gew\u00e4hlt, um ein wenig Ruhe in den Laden zu bringen, schlie\u00dflich ist es \u00fcblich, dass ein stellvertretender Parteivorsitzender kommissarisch \u00fcbernimmt. Nahles ist aber nicht stellvertretende Parteivorsitzende.<\/p>\n<p>Tats\u00e4chlich erfolgt dieser Schritt nach Aussage von Dr. Ende, um Nahles\u2019 Stimme zu schonen.<\/p>\n","protected":false},"excerpt":{"rendered":"<p>Nach dem R\u00fcckzug von Martin Schulz als SPD-Parteichef soll es nun Andrea Nahles richten. Sie soll auf einem Sonderparteitag zur neuen SPD-Vorsitzenden gew\u00e4hlt werden. Nahles\u2019 Arzt Dr. Ende ist deshalb in gro\u00dfer Sorge. Der Mediziner sagte unserem Blatt, seine Untersuchungen h\u00e4tten ergeben, dass Nahles\u2019 Stimme in sp\u00e4testens zwei Jahren komplett weggeschrien sei. Da sei dann [&hellip;]<\/p>\n","protected":false},"author":1,"featured_media":0,"comment_status":"open","ping_status":"open","sticky":false,"template":"","format":"standard","meta":{"footnotes":""},"categories":[6],"tags":[308,1591,837,450],"class_list":["post-2797","post","type-post","status-publish","format-standard","hentry","category-politik","tag-andrea-nahles","tag-martin-schulz","tag-olaf-scholz","tag-spd"],"_links":{"self":[{"href":"https:\/\/www.keinblatt.de\/blog\/wp-json\/wp\/v2\/posts\/2797","targetHints":{"allow":["GET"]}}],"collection":[{"href":"https:\/\/www.keinblatt.de\/blog\/wp-json\/wp\/v2\/posts"}],"about":[{"href":"https:\/\/www.keinblatt.de\/blog\/wp-json\/wp\/v2\/types\/post"}],"author":[{"embeddable":true,"href":"https:\/\/www.keinblatt.de\/blog\/wp-json\/wp\/v2\/users\/1"}],"replies":[{"embeddable":true,"href":"https:\/\/www.keinblatt.de\/blog\/wp-json\/wp\/v2\/comments?post=2797"}],"version-history":[{"count":0,"href":"https:\/\/www.keinblatt.de\/blog\/wp-json\/wp\/v2\/posts\/2797\/revisions"}],"wp:attachment":[{"href":"https:\/\/www.keinblatt.de\/blog\/wp-json\/wp\/v2\/media?parent=2797"}],"wp:term":[{"taxonomy":"category","embeddable":true,"href":"https:\/\/www.keinblatt.de\/blog\/wp-json\/wp\/v2\/categories?post=2797"},{"taxonomy":"post_tag","embeddable":true,"href":"https:\/\/www.keinblatt.de\/blog\/wp-json\/wp\/v2\/tags?post=2797"}],"curies":[{"name":"wp","href":"https:\/\/api.w.org\/{rel}","templated":true}]}}