{"id":2793,"date":"2018-02-12T17:21:30","date_gmt":"2018-02-12T16:21:30","guid":{"rendered":"http:\/\/www.keinblatt.de\/blog\/?p=2793"},"modified":"2018-02-12T19:04:21","modified_gmt":"2018-02-12T18:04:21","slug":"schuesse-in-suedkorea-gebirgsjaeger-auf-skiern-gesichtet-steht-jetzt-krieg-vor-der-tuer","status":"publish","type":"post","link":"https:\/\/www.keinblatt.de\/blog\/schuesse-in-suedkorea-gebirgsjaeger-auf-skiern-gesichtet-steht-jetzt-krieg-vor-der-tuer\/","title":{"rendered":"Sch\u00fcsse in S\u00fcdkorea! Gebirgsj\u00e4ger auf Skiern gesichtet. Steht jetzt Krieg vor der T\u00fcr?"},"content":{"rendered":"<figure id=\"attachment_2795\" aria-describedby=\"caption-attachment-2795\" style=\"width: 974px\" class=\"wp-caption alignnone\"><a href=\"https:\/\/www.keinblatt.de\/blog\/wp-content\/uploads\/2018\/02\/Korea_Demilitarisierte_Zone.svg_.jpg\"><img loading=\"lazy\" decoding=\"async\" class=\"size-full wp-image-2795\" src=\"https:\/\/www.keinblatt.de\/blog\/wp-content\/uploads\/2018\/02\/Korea_Demilitarisierte_Zone.svg_.jpg\" alt=\"Korea_Demilitarisierte_Zone.svg\" width=\"974\" height=\"768\" srcset=\"https:\/\/www.keinblatt.de\/blog\/wp-content\/uploads\/2018\/02\/Korea_Demilitarisierte_Zone.svg_.jpg 974w, https:\/\/www.keinblatt.de\/blog\/wp-content\/uploads\/2018\/02\/Korea_Demilitarisierte_Zone.svg_-300x237.jpg 300w, https:\/\/www.keinblatt.de\/blog\/wp-content\/uploads\/2018\/02\/Korea_Demilitarisierte_Zone.svg_-768x606.jpg 768w\" sizes=\"auto, (max-width: 974px) 100vw, 974px\" \/><\/a><figcaption id=\"caption-attachment-2795\" class=\"wp-caption-text\">Bild: Tatiraju.rishabh\/Furfur \/ Lizenz: <a href=\"https:\/\/creativecommons.org\/licenses\/by-sa\/4.0\/deed.en\" target=\"_blank\">CC BY-SA 4.0<\/a><\/figcaption><\/figure>\n<p>Flammt nun der Krieg zwischen Nord- und S\u00fcdkorea wieder auf? (Offiziell ist zwischen den verfeindeten Kriegsm\u00e4chten seit 1953 Waffenstillstand.) Wie heute gemeldet wurde, wurden in S\u00fcdkorea zahlreiche Gebirgsj\u00e4ger auf Langlaufskiern gesichtet. Dabei soll es auch zu mehreren Sch\u00fcssen gekommen sein. Angaben zu Toten oder Verletzten liegen noch nicht vor. Die Welt ist in Aufruhr und steht m\u00f6glicherweise am Rande des Abgrunds.<\/p>\n<figure id=\"attachment_2794\" aria-describedby=\"caption-attachment-2794\" style=\"width: 960px\" class=\"wp-caption alignnone\"><a href=\"https:\/\/www.keinblatt.de\/blog\/wp-content\/uploads\/2018\/02\/biathlon-274769_960_720.jpg\"><img loading=\"lazy\" decoding=\"async\" class=\"size-full wp-image-2794\" src=\"https:\/\/www.keinblatt.de\/blog\/wp-content\/uploads\/2018\/02\/biathlon-274769_960_720.jpg\" alt=\"Gebirgsj\u00e4ger\" width=\"960\" height=\"637\" srcset=\"https:\/\/www.keinblatt.de\/blog\/wp-content\/uploads\/2018\/02\/biathlon-274769_960_720.jpg 960w, https:\/\/www.keinblatt.de\/blog\/wp-content\/uploads\/2018\/02\/biathlon-274769_960_720-300x199.jpg 300w, https:\/\/www.keinblatt.de\/blog\/wp-content\/uploads\/2018\/02\/biathlon-274769_960_720-768x510.jpg 768w\" sizes=\"auto, (max-width: 960px) 100vw, 960px\" \/><\/a><figcaption id=\"caption-attachment-2794\" class=\"wp-caption-text\">Lizenz: Public Domain<\/figcaption><\/figure>\n","protected":false},"excerpt":{"rendered":"<p>Flammt nun der Krieg zwischen Nord- und S\u00fcdkorea wieder auf? (Offiziell ist zwischen den verfeindeten Kriegsm\u00e4chten seit 1953 Waffenstillstand.) Wie heute gemeldet wurde, wurden in S\u00fcdkorea zahlreiche Gebirgsj\u00e4ger auf Langlaufskiern gesichtet. Dabei soll es auch zu mehreren Sch\u00fcssen gekommen sein. Angaben zu Toten oder Verletzten liegen noch nicht vor. Die Welt ist in Aufruhr und [&hellip;]<\/p>\n","protected":false},"author":1,"featured_media":0,"comment_status":"open","ping_status":"open","sticky":false,"template":"","format":"standard","meta":{"footnotes":""},"categories":[977],"tags":[607,1911],"class_list":["post-2793","post","type-post","status-publish","format-standard","hentry","category-konflikteterrormilitaer","tag-nordkorea","tag-suedkorea"],"_links":{"self":[{"href":"https:\/\/www.keinblatt.de\/blog\/wp-json\/wp\/v2\/posts\/2793","targetHints":{"allow":["GET"]}}],"collection":[{"href":"https:\/\/www.keinblatt.de\/blog\/wp-json\/wp\/v2\/posts"}],"about":[{"href":"https:\/\/www.keinblatt.de\/blog\/wp-json\/wp\/v2\/types\/post"}],"author":[{"embeddable":true,"href":"https:\/\/www.keinblatt.de\/blog\/wp-json\/wp\/v2\/users\/1"}],"replies":[{"embeddable":true,"href":"https:\/\/www.keinblatt.de\/blog\/wp-json\/wp\/v2\/comments?post=2793"}],"version-history":[{"count":0,"href":"https:\/\/www.keinblatt.de\/blog\/wp-json\/wp\/v2\/posts\/2793\/revisions"}],"wp:attachment":[{"href":"https:\/\/www.keinblatt.de\/blog\/wp-json\/wp\/v2\/media?parent=2793"}],"wp:term":[{"taxonomy":"category","embeddable":true,"href":"https:\/\/www.keinblatt.de\/blog\/wp-json\/wp\/v2\/categories?post=2793"},{"taxonomy":"post_tag","embeddable":true,"href":"https:\/\/www.keinblatt.de\/blog\/wp-json\/wp\/v2\/tags?post=2793"}],"curies":[{"name":"wp","href":"https:\/\/api.w.org\/{rel}","templated":true}]}}