{"id":2754,"date":"2017-12-18T12:13:48","date_gmt":"2017-12-18T11:13:48","guid":{"rendered":"http:\/\/www.keinblatt.de\/blog\/?p=2754"},"modified":"2020-01-04T16:22:59","modified_gmt":"2020-01-04T15:22:59","slug":"ostersonntag-2018-wuerde-auf-1-april-fallen-papst-verschiebt-ostern-um-1-woche-nach-hinten","status":"publish","type":"post","link":"https:\/\/www.keinblatt.de\/blog\/ostersonntag-2018-wuerde-auf-1-april-fallen-papst-verschiebt-ostern-um-1-woche-nach-hinten\/","title":{"rendered":"Ostersonntag 2018 w\u00fcrde auf 1. April fallen \u2013 Papst verschiebt Ostern um 1 Woche nach hinten"},"content":{"rendered":"<figure id=\"attachment_242\" aria-describedby=\"caption-attachment-242\" style=\"width: 300px\" class=\"wp-caption alignleft\"><a href=\"https:\/\/www.keinblatt.de\/blog\/wp-content\/uploads\/2013\/09\/8557241226_1a8a1bc9f3_b.jpg\"><img loading=\"lazy\" decoding=\"async\" class=\"size-medium wp-image-242\" src=\"https:\/\/www.keinblatt.de\/blog\/wp-content\/uploads\/2013\/09\/8557241226_1a8a1bc9f3_b-300x247.jpg\" alt=\"Papst Franziskus\" width=\"300\" height=\"247\" srcset=\"https:\/\/www.keinblatt.de\/blog\/wp-content\/uploads\/2013\/09\/8557241226_1a8a1bc9f3_b-300x247.jpg 300w, https:\/\/www.keinblatt.de\/blog\/wp-content\/uploads\/2013\/09\/8557241226_1a8a1bc9f3_b-624x514.jpg 624w, https:\/\/www.keinblatt.de\/blog\/wp-content\/uploads\/2013\/09\/8557241226_1a8a1bc9f3_b.jpg 1024w\" sizes=\"auto, (max-width: 300px) 100vw, 300px\" \/><\/a><figcaption id=\"caption-attachment-242\" class=\"wp-caption-text\">Papst Franziskus macht sich um den Ruf seiner Kirche Sorgen. Foto: <a href=\"https:\/\/www.flickr.com\/photos\/catholicism\/8557241226\/in\/photostream\/\" target=\"_blank\">Catholic Church (England and Wales)<\/a> \/ Lizenz: <a href=\"https:\/\/creativecommons.org\/licenses\/by-nc-sa\/2.0\/\" target=\"_blank\">CC BY-NC-SA 2.0<\/a><\/figcaption><\/figure>\n<p>Der Ostersonntag, an dem die Auferstehung Jesu Christi gefeiert wird, w\u00fcrde 2018 auf einen 1. April fallen. Realisten sagen, es g\u00e4be kein passenderes Datum. Das Datum ergibt sich aus der Osterberechnungsformel. In den Kalendern f\u00fcr n\u00e4chstes Jahr ist es auch bereits vermerkt. Doch noch ist Zeit, zu handeln. Denn der Papst ist in gro\u00dfer Sorge. Er bef\u00fcrchtet, seine Kirche k\u00f6nnte gro\u00dfem Spott ausgesetzt sein. Bei der Nachricht, einer sei von den Toten auferstanden, k\u00f6nnte man ja an einen besonders schlechten Aprilscherz denken, denn so etwas sei ja nicht mal bei Gl\u00e4ubigen und Heiligen m\u00f6glich, so der Pontifex Maximus.<\/p>\n<h3>Ostersonntag 2018 nun am 8. April<\/h3>\n<p>Die Orthodoxen feiern Ostern 2018 ohnehin eine Woche sp\u00e4ter, daher legt Papst Franziskus nun das christliche Osterfest mit dem orthodoxen Osterfest zusammen. Entsprechend findet der christliche Ostersonntag 2018 am 8. April statt. Alle bereits gedruckten Kalender sind ab sofort ung\u00fcltig.<\/p>\n<h3>Evangelische Kirche macht nicht mit: Doppeltes Ostern 2018!<\/h3>\n<p>Die evangelische Kirche Deutschlands will nicht mitziehen. Damit tritt einer der seltenen F\u00e4lle ein, in denen es gleich zweimal Ostern innerhalb eines Jahres gibt.<\/p>\n<p>Der Einzelhandelsverband Deutschlands begr\u00fc\u00dft das doppelte Ostern. Ein doppeltes Ostern 2018 werde das lokale Gesch\u00e4ft beleben, so der Einzelhandelsverbandsprecher Harald Kauffer. Somit habe man endlich dem existenzbedrohenden Onlinehandel etwas entgegenzusetzen. Man wolle pr\u00fcfen, ob solche kreativen Ma\u00dfnahmen wie die des Papstes nicht weiterentwickelt werden k\u00f6nnten. Denkverbote solle es keine geben, f\u00fchrt Kauffer aus. Man halte es auch f\u00fcr m\u00f6glich, dass Kunden in bestimmten Jahren zwei Geburtstage im Jahr feierten. &#8222;Zumindest wenn jemand sehr viel Gl\u00fcck gehabt hat und dem Tod nur knapp entgangen ist, hei\u00dft es ja auch &#8218;Das ist wie ein zweiter Geburtstag&#8216;. Wo aber blieben dann die Geschenke? Umsatz! Umsatz! Umsatz!&#8220;<img loading=\"lazy\" decoding=\"async\" class=\"vg\" src=\"https:\/\/ssl-vg03.met.vgwort.de\/na\/72bfba593c5d47deb71c5a6d4984a100\" alt=\"\" width=\"1\" height=\"1\" \/><\/p>\n","protected":false},"excerpt":{"rendered":"<p>Der Ostersonntag, an dem die Auferstehung Jesu Christi gefeiert wird, w\u00fcrde 2018 auf einen 1. April fallen. Realisten sagen, es g\u00e4be kein passenderes Datum. Das Datum ergibt sich aus der Osterberechnungsformel. In den Kalendern f\u00fcr n\u00e4chstes Jahr ist es auch bereits vermerkt. Doch noch ist Zeit, zu handeln. Denn der Papst ist in gro\u00dfer Sorge. [&hellip;]<\/p>\n","protected":false},"author":1,"featured_media":0,"comment_status":"open","ping_status":"open","sticky":false,"template":"","format":"standard","meta":{"footnotes":""},"categories":[26,11],"tags":[398,1283,151,814,712,1282,150],"class_list":["post-2754","post","type-post","status-publish","format-standard","hentry","category-braeuche","category-religion","tag-aprilscherz","tag-auferstehung","tag-franziskus","tag-jesus-christus","tag-kalender","tag-ostern","tag-papst"],"_links":{"self":[{"href":"https:\/\/www.keinblatt.de\/blog\/wp-json\/wp\/v2\/posts\/2754","targetHints":{"allow":["GET"]}}],"collection":[{"href":"https:\/\/www.keinblatt.de\/blog\/wp-json\/wp\/v2\/posts"}],"about":[{"href":"https:\/\/www.keinblatt.de\/blog\/wp-json\/wp\/v2\/types\/post"}],"author":[{"embeddable":true,"href":"https:\/\/www.keinblatt.de\/blog\/wp-json\/wp\/v2\/users\/1"}],"replies":[{"embeddable":true,"href":"https:\/\/www.keinblatt.de\/blog\/wp-json\/wp\/v2\/comments?post=2754"}],"version-history":[{"count":0,"href":"https:\/\/www.keinblatt.de\/blog\/wp-json\/wp\/v2\/posts\/2754\/revisions"}],"wp:attachment":[{"href":"https:\/\/www.keinblatt.de\/blog\/wp-json\/wp\/v2\/media?parent=2754"}],"wp:term":[{"taxonomy":"category","embeddable":true,"href":"https:\/\/www.keinblatt.de\/blog\/wp-json\/wp\/v2\/categories?post=2754"},{"taxonomy":"post_tag","embeddable":true,"href":"https:\/\/www.keinblatt.de\/blog\/wp-json\/wp\/v2\/tags?post=2754"}],"curies":[{"name":"wp","href":"https:\/\/api.w.org\/{rel}","templated":true}]}}