{"id":2725,"date":"2017-11-28T12:31:50","date_gmt":"2017-11-28T11:31:50","guid":{"rendered":"http:\/\/www.keinblatt.de\/blog\/?p=2725"},"modified":"2022-05-04T15:33:26","modified_gmt":"2022-05-04T13:33:26","slug":"verstoss-gegen-burkagesetz-oesterreich-verhaengt-auftrittsverbot-gegen-heino","status":"publish","type":"post","link":"https:\/\/www.keinblatt.de\/blog\/verstoss-gegen-burkagesetz-oesterreich-verhaengt-auftrittsverbot-gegen-heino\/","title":{"rendered":"Versto\u00df gegen Burkagesetz: \u00d6sterreich verh\u00e4ngt Auftrittsverbot gegen Heino"},"content":{"rendered":"<figure id=\"attachment_2731\" aria-describedby=\"caption-attachment-2731\" style=\"width: 235px\" class=\"wp-caption alignleft\"><a href=\"https:\/\/www.keinblatt.de\/blog\/wp-content\/uploads\/2017\/11\/469px-Heino_-_Oktoberfest_2012.jpg\"><img loading=\"lazy\" decoding=\"async\" class=\"size-medium wp-image-2731\" src=\"https:\/\/www.keinblatt.de\/blog\/wp-content\/uploads\/2017\/11\/469px-Heino_-_Oktoberfest_2012-235x300.jpg\" alt=\"Heino\" width=\"235\" height=\"300\" srcset=\"https:\/\/www.keinblatt.de\/blog\/wp-content\/uploads\/2017\/11\/469px-Heino_-_Oktoberfest_2012-235x300.jpg 235w, https:\/\/www.keinblatt.de\/blog\/wp-content\/uploads\/2017\/11\/469px-Heino_-_Oktoberfest_2012.jpg 469w\" sizes=\"auto, (max-width: 235px) 100vw, 235px\" \/><\/a><figcaption id=\"caption-attachment-2731\" class=\"wp-caption-text\">Heino darf \u00f6sterreichischen Boden nicht mehr betreten. Foto: <a href=\"https:\/\/commons.wikimedia.org\/wiki\/File:Heino_-_Oktoberfest_2012.JPG\" target=\"_blank\">Usien<\/a> \/ Lizenz: <a href=\"https:\/\/creativecommons.org\/licenses\/by-sa\/3.0\/deed.en\" target=\"_blank\">CC BY-SA 3.0<\/a><\/figcaption><\/figure>\n<p>Erst traf es <a href=\"https:\/\/www.sueddeutsche.de\/panorama\/oesterreich-burkaverbot-trifft-maskottchen-und-radfahrer-1.3700378\" target=\"_blank\" rel=\"noopener\">Radfahrer, die den Schal zu weit \u00fcbers Gesichts gezogen hatten, und Kost\u00fcmierte<\/a>. Nun hat es auch Heinz Georg Kramm, besser bekannt als Heino, erwischt. Das \u00f6sterreichische Innenministerium hat ein Auftrittsverbot und Einreiseverbot gegen den beliebten deutschen Kults\u00e4nger verh\u00e4ngt. Der Grund: Heino habe gegen das sogenannte Anti-Gesichtsverh\u00fcllungsgesetz (umgangssprachlich auch als <em>Burkagesetz<\/em> bekannt) versto\u00dfen, hei\u00dft es. Der K\u00fcnstler widersetze sich durch seine schwarze Brille, die seine Augen v\u00f6llig verberge, einer visuellen Kommunikation. Auch sei die Identifizierbarkeit bei dieser Teilverh\u00fcllung nicht gew\u00e4hrleistet, etwas bei Gesichtserkennungssystemen, so ein Ministeriumssprecher.<\/p>\n<h3>Verordnung gilt auch f\u00fcr Heino ohne Brille<\/h3>\n<p>Auch wenn der K\u00fcnstler seine Brille abnehme oder eine nicht so stark verdunkelnde Brille aufsetze, bleibe die Verordnung in Kraft. Denn ohne schwarze Brille sei Heino ja dann nicht mehr als Heino identifizierbar, so das Innenministerium. <a href=\"https:\/\/web.archive.org\/web\/20130615232307\/https:\/\/www.t-online.de\/unterhaltung\/musik\/id_19167790\/nicht-ohne-seine-sonnenbrille.html\" target=\"_blank\" rel=\"noopener\">Sogar auf dem Passbild seines Personalausweises hat Heino seine schwarze Brille auf, wodurch der K\u00fcnstler der einzige nicht erblindete Deutsche sein d\u00fcrfte, der auf dem Passfoto mit schwarzen Brillengl\u00e4sern zu sehen ist<\/a>. Das hei\u00dft: Heino ohne Brille geht nicht, aber mit Brille eben auch nicht, da der Kampf gegen die Islamisierung vorgeht.<\/p>\n<p>Von Heino selbst ist noch keine Stellungnahme bekannt. Aber der bekannteste \u00f6sterreichische Heino-Fanclub &#8222;Heino Austria&#8220; rebelliert. Ausgerechnet Heino stehe f\u00fcr Volksmusikgut des europ\u00e4ischen Abendlandes und sicher nicht f\u00fcr die Burka und den Islam, so der Vereinsvorstand. Seine Frau Hannelore trage ja nicht mal Kopftuch. Doch das Innenministerium lehnt Ausnahmen ab: Gesetze seien f\u00fcr alle Menschen bestimmt, die sich in \u00d6sterreich aufhielten. Und ein Politiker sei Heino ja zweifellos keiner.<img loading=\"lazy\" decoding=\"async\" class=\"vg\" src=\"https:\/\/ssl-vg03.met.vgwort.de\/na\/ff6a3a6c589549b2a44c7d47db87b426\" alt=\"\" width=\"1\" height=\"1\" \/><\/p>\n","protected":false},"excerpt":{"rendered":"<p>Erst traf es Radfahrer, die den Schal zu weit \u00fcbers Gesichts gezogen hatten, und Kost\u00fcmierte. Nun hat es auch Heinz Georg Kramm, besser bekannt als Heino, erwischt. Das \u00f6sterreichische Innenministerium hat ein Auftrittsverbot und Einreiseverbot gegen den beliebten deutschen Kults\u00e4nger verh\u00e4ngt. Der Grund: Heino habe gegen das sogenannte Anti-Gesichtsverh\u00fcllungsgesetz (umgangssprachlich auch als Burkagesetz bekannt) versto\u00dfen, [&hellip;]<\/p>\n","protected":false},"author":1,"featured_media":0,"comment_status":"open","ping_status":"open","sticky":false,"template":"","format":"standard","meta":{"footnotes":""},"categories":[2,19,6,11],"tags":[1804,215,1869,709,909,204,1871,828,1870,1153],"class_list":["post-2725","post","type-post","status-publish","format-standard","hentry","category-gesellschaftliches","category-kunst-kultur","category-politik","category-religion","tag-brille","tag-burka","tag-heino","tag-islamisierung","tag-kopftuch","tag-oesterreich","tag-sonnenbrille","tag-vermummungsverbot","tag-volksmusik","tag-vollverschleierung"],"_links":{"self":[{"href":"https:\/\/www.keinblatt.de\/blog\/wp-json\/wp\/v2\/posts\/2725","targetHints":{"allow":["GET"]}}],"collection":[{"href":"https:\/\/www.keinblatt.de\/blog\/wp-json\/wp\/v2\/posts"}],"about":[{"href":"https:\/\/www.keinblatt.de\/blog\/wp-json\/wp\/v2\/types\/post"}],"author":[{"embeddable":true,"href":"https:\/\/www.keinblatt.de\/blog\/wp-json\/wp\/v2\/users\/1"}],"replies":[{"embeddable":true,"href":"https:\/\/www.keinblatt.de\/blog\/wp-json\/wp\/v2\/comments?post=2725"}],"version-history":[{"count":0,"href":"https:\/\/www.keinblatt.de\/blog\/wp-json\/wp\/v2\/posts\/2725\/revisions"}],"wp:attachment":[{"href":"https:\/\/www.keinblatt.de\/blog\/wp-json\/wp\/v2\/media?parent=2725"}],"wp:term":[{"taxonomy":"category","embeddable":true,"href":"https:\/\/www.keinblatt.de\/blog\/wp-json\/wp\/v2\/categories?post=2725"},{"taxonomy":"post_tag","embeddable":true,"href":"https:\/\/www.keinblatt.de\/blog\/wp-json\/wp\/v2\/tags?post=2725"}],"curies":[{"name":"wp","href":"https:\/\/api.w.org\/{rel}","templated":true}]}}