{"id":2674,"date":"2017-07-20T12:13:28","date_gmt":"2017-07-20T10:13:28","guid":{"rendered":"http:\/\/www.keinblatt.de\/blog\/?p=2674"},"modified":"2017-07-20T12:44:14","modified_gmt":"2017-07-20T10:44:14","slug":"bundesregierung-verschlaeft-reisehinweise-fuer-tuerkei","status":"publish","type":"post","link":"https:\/\/www.keinblatt.de\/blog\/bundesregierung-verschlaeft-reisehinweise-fuer-tuerkei\/","title":{"rendered":"Bundesregierung verschl\u00e4ft Reisehinweise f\u00fcr T\u00fcrkei"},"content":{"rendered":"<figure id=\"attachment_2449\" aria-describedby=\"caption-attachment-2449\" style=\"width: 750px\" class=\"wp-caption alignnone\"><a href=\"https:\/\/www.keinblatt.de\/blog\/wp-content\/uploads\/2017\/01\/Sigmar_Gabriel_Berlin_2015-08-29.jpg\"><img loading=\"lazy\" decoding=\"async\" class=\"size-full wp-image-2449\" src=\"https:\/\/www.keinblatt.de\/blog\/wp-content\/uploads\/2017\/01\/Sigmar_Gabriel_Berlin_2015-08-29.jpg\" alt=\"Sigmar Gabriel\" width=\"750\" height=\"600\" srcset=\"https:\/\/www.keinblatt.de\/blog\/wp-content\/uploads\/2017\/01\/Sigmar_Gabriel_Berlin_2015-08-29.jpg 750w, https:\/\/www.keinblatt.de\/blog\/wp-content\/uploads\/2017\/01\/Sigmar_Gabriel_Berlin_2015-08-29-300x240.jpg 300w\" sizes=\"auto, (max-width: 750px) 100vw, 750px\" \/><\/a><figcaption id=\"caption-attachment-2449\" class=\"wp-caption-text\">Bundesau\u00dfenminister Sigmar Gabriel (SPD) hat die Reisehinweise f\u00fcr T\u00fcrkeiurlauber \u00fcberarbeiten\u00a0 lassen. Mehr dazu im Text. Foto: <a href=\"https:\/\/de.wikipedia.org\/wiki\/Datei:Sigmar_Gabriel_Berlin_2015-08-29.jpg\" target=\"_blank\">A.Savin<\/a> \/ Lizenz: <a href=\"https:\/\/creativecommons.org\/licenses\/by-sa\/3.0\/deed.de\" target=\"_blank\">CC BY-SA 3.0<\/a><\/figcaption><\/figure>\n<p>Als Konsequenz auf die Verhaftung des deutschen Menschenrechtsaktivisten Peter Steudtner und einiger anderer kleinerer Zwischenf\u00e4lle in der T\u00fcrkei hat Bundesau\u00dfenminister Sigmar Gabriel (SPD) eine vorsichtige Kurskorrektur in der T\u00fcrkeipolitik in Aussicht gestellt. So seien die Reisehinweise f\u00fcr T\u00fcrkeiurlauber \u00fcberarbeitet worden. Zu den wichtigsten \u00c4nderungen geh\u00f6rt die Anpassung auf die j\u00fcngsten Rechtschreibreformen. &#8222;Die Versch\u00e4rfung besteht darin, dass in den versal geschrieben Passagen das h\u00e4ssliche Doppel-S \u2013 das oft als &#8222;Schutzstaffel&#8220; verstanden wird, Sie verstehen, SA\/SS \u2013 durch das neue gro\u00dfe <em>scharfe<\/em> S ersetzt wird. Aus PASS wird PA\u1e9e!&#8220; sagte Gabriel unserer Redaktion. Das seien aber nach wie vor &#8222;Reisehinweise&#8220;, das sei ausdr\u00fccklich keine &#8222;Reisewarnung&#8220;, machte der Bundesau\u00dfenminister klar. Eine Reisewarnung k\u00f6nnte er sich als eine der n\u00e4chsten Eskalationsstufen aber durchaus vorstellen. Zumindest im Kopf sei das Wort pr\u00e4sent, so Gabriel.<\/p>\n<h3>Wiedereinf\u00fchrung der Todesstrafe in der T\u00fcrkei \u2013 allenfalls in modifizierter Form<\/h3>\n<p>Er sei zuversichtlich, dass Recep Tayyip Erdo\u011fan, also die T\u00fcrkei, wieder auf ihren urspr\u00fcnglichen Kurs zur\u00fcckkehre. Putschisten die Zunge abschneiden zu wollen, klinge f\u00fcr deutsche Ohren schon sehr hart, aber man wolle sich da nicht einmischen, so der Bundesau\u00dfenminister. &#8222;Die T\u00fcr nach Europa steht nach wie vor offen&#8220;, bekr\u00e4ftigte Gabriel. &#8222;Aber \u00fcber die geplante Wiedereinf\u00fchrung Todesstrafe m\u00fcssen wir sprechen.&#8220; Um sie in Einklang mit den Statuten der EU zu bringen, sei allenfalls eine humane Form der Todesstrafe vorstellbar. Denkbar sei, Verurteilten nach Verb\u00fc\u00dfung der Todesstrafe eine zweite Chance zu geben, f\u00fchrt Gabriel aus. Oder man verh\u00e4nge die Strafe nur auf Zeit, etwa eine Verurteilung zum Tod f\u00fcr lediglich f\u00fcnf Jahre.<img loading=\"lazy\" decoding=\"async\" class=\"vg\" src=\"https:\/\/ssl-vg03.met.vgwort.de\/na\/b6103694bd4f4b1a8541456429a020da\" alt=\"\" width=\"1\" height=\"1\" \/><\/p>\n","protected":false},"excerpt":{"rendered":"<p>Als Konsequenz auf die Verhaftung des deutschen Menschenrechtsaktivisten Peter Steudtner und einiger anderer kleinerer Zwischenf\u00e4lle in der T\u00fcrkei hat Bundesau\u00dfenminister Sigmar Gabriel (SPD) eine vorsichtige Kurskorrektur in der T\u00fcrkeipolitik in Aussicht gestellt. So seien die Reisehinweise f\u00fcr T\u00fcrkeiurlauber \u00fcberarbeitet worden. Zu den wichtigsten \u00c4nderungen geh\u00f6rt die Anpassung auf die j\u00fcngsten Rechtschreibreformen. &#8222;Die Versch\u00e4rfung besteht darin, [&hellip;]<\/p>\n","protected":false},"author":1,"featured_media":0,"comment_status":"open","ping_status":"open","sticky":false,"template":"","format":"standard","meta":{"footnotes":""},"categories":[977,6],"tags":[1848,277,719,365,415,473],"class_list":["post-2674","post","type-post","status-publish","format-standard","hentry","category-konflikteterrormilitaer","category-politik","tag-menschenrechte","tag-recep-tayyip-erdogan","tag-reisewarnung","tag-sigmar-gabriel","tag-todesstrafe","tag-tuerkei"],"_links":{"self":[{"href":"https:\/\/www.keinblatt.de\/blog\/wp-json\/wp\/v2\/posts\/2674","targetHints":{"allow":["GET"]}}],"collection":[{"href":"https:\/\/www.keinblatt.de\/blog\/wp-json\/wp\/v2\/posts"}],"about":[{"href":"https:\/\/www.keinblatt.de\/blog\/wp-json\/wp\/v2\/types\/post"}],"author":[{"embeddable":true,"href":"https:\/\/www.keinblatt.de\/blog\/wp-json\/wp\/v2\/users\/1"}],"replies":[{"embeddable":true,"href":"https:\/\/www.keinblatt.de\/blog\/wp-json\/wp\/v2\/comments?post=2674"}],"version-history":[{"count":0,"href":"https:\/\/www.keinblatt.de\/blog\/wp-json\/wp\/v2\/posts\/2674\/revisions"}],"wp:attachment":[{"href":"https:\/\/www.keinblatt.de\/blog\/wp-json\/wp\/v2\/media?parent=2674"}],"wp:term":[{"taxonomy":"category","embeddable":true,"href":"https:\/\/www.keinblatt.de\/blog\/wp-json\/wp\/v2\/categories?post=2674"},{"taxonomy":"post_tag","embeddable":true,"href":"https:\/\/www.keinblatt.de\/blog\/wp-json\/wp\/v2\/tags?post=2674"}],"curies":[{"name":"wp","href":"https:\/\/api.w.org\/{rel}","templated":true}]}}