{"id":2650,"date":"2017-06-25T20:01:38","date_gmt":"2017-06-25T18:01:38","guid":{"rendered":"http:\/\/www.keinblatt.de\/blog\/?p=2650"},"modified":"2017-06-25T20:13:37","modified_gmt":"2017-06-25T18:13:37","slug":"deutsche-schulen-nehmen-tuerkei-aus-erdkundeunterricht","status":"publish","type":"post","link":"https:\/\/www.keinblatt.de\/blog\/deutsche-schulen-nehmen-tuerkei-aus-erdkundeunterricht\/","title":{"rendered":"Deutsche Schulen nehmen T\u00fcrkei aus Erdkundeunterricht"},"content":{"rendered":"<figure id=\"attachment_2651\" aria-describedby=\"caption-attachment-2651\" style=\"width: 300px\" class=\"wp-caption alignleft\"><a href=\"https:\/\/www.keinblatt.de\/blog\/wp-content\/uploads\/2017\/06\/800px-Turkey_relief_location_map.jpg\"><img loading=\"lazy\" decoding=\"async\" class=\"size-medium wp-image-2651\" src=\"https:\/\/www.keinblatt.de\/blog\/wp-content\/uploads\/2017\/06\/800px-Turkey_relief_location_map-300x129.jpg\" alt=\"T\u00fcrkei\" width=\"300\" height=\"129\" srcset=\"https:\/\/www.keinblatt.de\/blog\/wp-content\/uploads\/2017\/06\/800px-Turkey_relief_location_map-300x129.jpg 300w, https:\/\/www.keinblatt.de\/blog\/wp-content\/uploads\/2017\/06\/800px-Turkey_relief_location_map-768x329.jpg 768w, https:\/\/www.keinblatt.de\/blog\/wp-content\/uploads\/2017\/06\/800px-Turkey_relief_location_map.jpg 800w\" sizes=\"auto, (max-width: 300px) 100vw, 300px\" \/><\/a><figcaption id=\"caption-attachment-2651\" class=\"wp-caption-text\">T\u00fcrkei: Bald ein wei\u00dfer Fleck im deutschen Geografieunterricht. Bild: <a href=\"https:\/\/commons.wikimedia.org\/wiki\/File:Turkey_relief_location_map.jpg\" target=\"_blank\">Turkey_location_map.svg: NordNordWest, derivative work: Uwe Dedering<\/a> \/ Lizenz: <a href=\"https:\/\/creativecommons.org\/licenses\/by-sa\/3.0\/deed.en\" target=\"_blank\">CC BY-SA 3.0<\/a><\/figcaption><\/figure>\n<p>Das <a href=\"https:\/\/www.zeit.de\/gesellschaft\/schule\/2017-06\/evolutionstheorie-tuerkei-schulen-gestrichen-lehrplaene\" target=\"_blank\">t\u00fcrkische Bildungsministerium hat die Abschaffung der Evolutionstheorie an den Schulen beschlossen<\/a>. Als Grund wurde angef\u00fchrt, dass die darwinsche Evolutionstheorie f\u00fcr Sch\u00fcler zu kompliziert sei. Erst an den Universit\u00e4ten soll sie weiter gelehrt werden.<\/p>\n<p>Inzwischen hat die deutsche Bundesregierung beschlossen, die T\u00fcrkei aus dem Erdkundeunterricht zu nehmen. In Absprache mit den Bundesl\u00e4ndern soll die T\u00fcrkei ab dem Schuljahr 2017\/2018 nicht mehr Bestandteil des Erdkundeunterrichts sein. Die Kultusminister aller Bundesl\u00e4nder haben ihre Bereitschaft erkl\u00e4rt, die entsprechende Lehrplan\u00e4nderung zeitnah umzusetzen.<\/p>\n<h3>Zu schwierig f\u00fcr die Sch\u00fcler!<\/h3>\n<p>Als Begr\u00fcndung wurde angef\u00fchrt, dass die T\u00fcrkei f\u00fcr Sch\u00fcler zu kompliziert sei. Erst an den Universit\u00e4ten soll sie weiter gelehrt werden. Kritiker halten das f\u00fcr einen Vorwand, tats\u00e4chlich wolle man wohl der t\u00fcrkischen Regierung schaden, da diese sich immer weiter von der Rechtsstaatlichkeit entferne. Denn wer das Land nicht kenne, w\u00fcrde dorthin auch nicht in den Urlaub fahren. Die Folge w\u00e4re ein weiterer Einbruch des Tourismus. Damit soll der t\u00fcrkische Pr\u00e4sident Tayyip Erdo\u011fan unter Druck gesetzt werden.<\/p>\n<p>Doch Bundesbildungsministerin (CDU) Johanna Wanka widerspricht. Sie f\u00fcgt an, dass das Krankheitsbild der narzisstischen Pers\u00f6nlichkeitsst\u00f6rung, die als typische Diktatorenerkrankung ber\u00fcchtigt ist, f\u00fcr Sch\u00fcler ja unbestritten zu kompliziert sei. Damit wolle man die Sch\u00fcler auch im Erdkundeunterricht nicht einmal indirekt konfrontieren. Das sei etwas f\u00fcr die Universit\u00e4ten. Dort solle das Krankheitsbild im Rahmen eines Medizinstudiums weiter gelehrt wurden.<\/p>\n<h3>Ersatz f\u00fcr die T\u00fcrkei<\/h3>\n<p>Als Ersatz f\u00fcr die T\u00fcrkei sollen im Erdkundeunterricht die bisher nicht ber\u00fccksichtigten L\u00e4nder Altseeland, Legoland, Bettenland und Kaufland auf den Lehrplan nachr\u00fccken.<img loading=\"lazy\" decoding=\"async\" class=\"vg\" src=\"https:\/\/ssl-vg03.met.vgwort.de\/na\/75f49e141c8640ca944ba44ff5a10268\" alt=\"\" width=\"1\" height=\"1\" \/><\/p>\n","protected":false},"excerpt":{"rendered":"<p>Das t\u00fcrkische Bildungsministerium hat die Abschaffung der Evolutionstheorie an den Schulen beschlossen. Als Grund wurde angef\u00fchrt, dass die darwinsche Evolutionstheorie f\u00fcr Sch\u00fcler zu kompliziert sei. Erst an den Universit\u00e4ten soll sie weiter gelehrt werden. Inzwischen hat die deutsche Bundesregierung beschlossen, die T\u00fcrkei aus dem Erdkundeunterricht zu nehmen. In Absprache mit den Bundesl\u00e4ndern soll die T\u00fcrkei [&hellip;]<\/p>\n","protected":false},"author":1,"featured_media":0,"comment_status":"open","ping_status":"open","sticky":false,"template":"","format":"standard","meta":{"footnotes":""},"categories":[6,3],"tags":[1831,1829,1830,508,277,473],"class_list":["post-2650","post","type-post","status-publish","format-standard","hentry","category-politik","category-wissenschaft","tag-charles-darwin","tag-erdkunde","tag-evolutionstheorie","tag-johanna-wanka","tag-recep-tayyip-erdogan","tag-tuerkei"],"_links":{"self":[{"href":"https:\/\/www.keinblatt.de\/blog\/wp-json\/wp\/v2\/posts\/2650","targetHints":{"allow":["GET"]}}],"collection":[{"href":"https:\/\/www.keinblatt.de\/blog\/wp-json\/wp\/v2\/posts"}],"about":[{"href":"https:\/\/www.keinblatt.de\/blog\/wp-json\/wp\/v2\/types\/post"}],"author":[{"embeddable":true,"href":"https:\/\/www.keinblatt.de\/blog\/wp-json\/wp\/v2\/users\/1"}],"replies":[{"embeddable":true,"href":"https:\/\/www.keinblatt.de\/blog\/wp-json\/wp\/v2\/comments?post=2650"}],"version-history":[{"count":0,"href":"https:\/\/www.keinblatt.de\/blog\/wp-json\/wp\/v2\/posts\/2650\/revisions"}],"wp:attachment":[{"href":"https:\/\/www.keinblatt.de\/blog\/wp-json\/wp\/v2\/media?parent=2650"}],"wp:term":[{"taxonomy":"category","embeddable":true,"href":"https:\/\/www.keinblatt.de\/blog\/wp-json\/wp\/v2\/categories?post=2650"},{"taxonomy":"post_tag","embeddable":true,"href":"https:\/\/www.keinblatt.de\/blog\/wp-json\/wp\/v2\/tags?post=2650"}],"curies":[{"name":"wp","href":"https:\/\/api.w.org\/{rel}","templated":true}]}}