{"id":2626,"date":"2017-06-06T23:29:35","date_gmt":"2017-06-06T21:29:35","guid":{"rendered":"http:\/\/www.keinblatt.de\/blog\/?p=2626"},"modified":"2022-02-18T21:56:57","modified_gmt":"2022-02-18T20:56:57","slug":"fuer-die-volksgesundheit-aufzuege-ab-2018-nur-noch-fuer-koerperlich-eingeschraenkte-leute-verfuegbar","status":"publish","type":"post","link":"https:\/\/www.keinblatt.de\/blog\/fuer-die-volksgesundheit-aufzuege-ab-2018-nur-noch-fuer-koerperlich-eingeschraenkte-leute-verfuegbar\/","title":{"rendered":"F\u00fcr die Volksgesundheit: Aufz\u00fcge ab 2023 nur noch f\u00fcr k\u00f6rperlich eingeschr\u00e4nkte Leute verf\u00fcgbar"},"content":{"rendered":"<figure id=\"attachment_2627\" aria-describedby=\"caption-attachment-2627\" style=\"width: 300px\" class=\"wp-caption alignleft\"><a href=\"https:\/\/www.keinblatt.de\/blog\/wp-content\/uploads\/2017\/06\/Central_Obesity_008.jpg\"><img loading=\"lazy\" decoding=\"async\" class=\"size-medium wp-image-2627\" src=\"https:\/\/www.keinblatt.de\/blog\/wp-content\/uploads\/2017\/06\/Central_Obesity_008-300x289.jpg\" alt=\"Adipositas\" width=\"300\" height=\"289\" srcset=\"https:\/\/www.keinblatt.de\/blog\/wp-content\/uploads\/2017\/06\/Central_Obesity_008-300x289.jpg 300w, https:\/\/www.keinblatt.de\/blog\/wp-content\/uploads\/2017\/06\/Central_Obesity_008-768x739.jpg 768w, https:\/\/www.keinblatt.de\/blog\/wp-content\/uploads\/2017\/06\/Central_Obesity_008-1024x986.jpg 1024w, https:\/\/www.keinblatt.de\/blog\/wp-content\/uploads\/2017\/06\/Central_Obesity_008.jpg 1064w\" sizes=\"auto, (max-width: 300px) 100vw, 300px\" \/><\/a><figcaption id=\"caption-attachment-2627\" class=\"wp-caption-text\">Adipositas: Hauptursache daf\u00fcr ist mangelnde k\u00f6rperliche Bet\u00e4tigung. Zu dieser werden nun die Deutschen gezwungen. Die Politik ist allen Unkenrufen zum Trotz handlungsf\u00e4hig! Lizenz: Public Domain<\/figcaption><\/figure>\n<p>Die Deutschen werden immer fetter. Bereits ab dem 30. Lebensjahr ist jeder zweite Mann \u00fcbergewichtig, bei Frauen liegt die Schwelle bei 55 Jahren. Am Ende des Berufslebens sind gar drei Viertel der M\u00e4nner zu dick.<\/p>\n<p>Bundesgesundheitsminister Karl Lauterbach (SPD) steuert nun endlich gegen. Denn das \u00dcbergewicht ist eine enorme Belastung f\u00fcr die Krankenkassen und auch f\u00fcr die Rentenkassen wegen oft erforderlicher Fr\u00fchverrentung. Au\u00dferdem hat Lauterbach eine Bierbauch-Ekel-Neurose entwickelt, er handelt also auch in eigenem Interesse.<\/p>\n<h3>Umr\u00fcstung aller Personen-Fahrst\u00fchle in Deutschland bis 2023<\/h3>\n<p>Bis zum 01.01.2023 m\u00fcssen alle Fahrst\u00fchle in Deutschland so umger\u00fcstet werden, dass sie nur noch f\u00fcr Menschen mit Magnet-Berechtigungskarte benutzbar sind. Anspruch auf eine solche Karte haben Menschen mit gro\u00dfen k\u00f6rperlichen Einschr\u00e4nkungen, etwa Rollstuhlfahrer, hochschwangere M\u00fctter und Eltern von Kleinkindern.<\/p>\n<h3>Berechtigungskarten beim Hausarzt<\/h3>\n<p>Berechtigungskarten k\u00f6nnen beim Hausarzt beantragt werden. Damit das illegale Mitnehmen von Personen und das Verleihen von Berechtigungskarten erschwert wird, sollen 20.000 neue Mitarbeiter in den Gesundheits\u00e4mtern eingestellt werden, die als Fahrstuhl-Kontrolleure agieren. Mehrkosten werden voraussichtlich keine entstehen, da der Effekt der Volksgesundung mehr Ersparnisse bringen wird, als f\u00fcr die Kontrolleure aufgewendet werden muss.<\/p>\n<h3>Hochh\u00e4user weniger lukrativ?<\/h3>\n<p>Der Verband der Immobilienmakler und die Bauwirtschaft haben das neue Gesetz inzwischen scharf kritisiert, da Wohnungen in oberen Etagen weniger lukrativ w\u00fcrden. Doch es ist zu sp\u00e4t, das Gesetz wurde bereits vom Bundestag beschlossen. Bei der namentlichen Abstimmung votierte nur der ehemalige Bundesminister Peter Altmaier (CDU) gegen das Gesetz.<img loading=\"lazy\" decoding=\"async\" class=\"vg\" src=\"https:\/\/ssl-vg03.met.vgwort.de\/na\/cc0b14497c0243e7b588be4db5efad35\" alt=\"\" width=\"1\" height=\"1\" \/><\/p>\n","protected":false},"excerpt":{"rendered":"<p>Die Deutschen werden immer fetter. Bereits ab dem 30. Lebensjahr ist jeder zweite Mann \u00fcbergewichtig, bei Frauen liegt die Schwelle bei 55 Jahren. Am Ende des Berufslebens sind gar drei Viertel der M\u00e4nner zu dick. Bundesgesundheitsminister Karl Lauterbach (SPD) steuert nun endlich gegen. Denn das \u00dcbergewicht ist eine enorme Belastung f\u00fcr die Krankenkassen und auch [&hellip;]<\/p>\n","protected":false},"author":1,"featured_media":0,"comment_status":"open","ping_status":"open","sticky":false,"template":"","format":"standard","meta":{"footnotes":""},"categories":[13,6],"tags":[1815,1813,1818,900,1817,1816,733,1814],"class_list":["post-2626","post","type-post","status-publish","format-standard","hentry","category-medizin","category-politik","tag-aufzug","tag-fahrstuhl","tag-hochhaus","tag-karl-lauterbach","tag-koerperliche-einschraenkungen","tag-lift","tag-peter-altmaier","tag-uebergewicht"],"_links":{"self":[{"href":"https:\/\/www.keinblatt.de\/blog\/wp-json\/wp\/v2\/posts\/2626","targetHints":{"allow":["GET"]}}],"collection":[{"href":"https:\/\/www.keinblatt.de\/blog\/wp-json\/wp\/v2\/posts"}],"about":[{"href":"https:\/\/www.keinblatt.de\/blog\/wp-json\/wp\/v2\/types\/post"}],"author":[{"embeddable":true,"href":"https:\/\/www.keinblatt.de\/blog\/wp-json\/wp\/v2\/users\/1"}],"replies":[{"embeddable":true,"href":"https:\/\/www.keinblatt.de\/blog\/wp-json\/wp\/v2\/comments?post=2626"}],"version-history":[{"count":0,"href":"https:\/\/www.keinblatt.de\/blog\/wp-json\/wp\/v2\/posts\/2626\/revisions"}],"wp:attachment":[{"href":"https:\/\/www.keinblatt.de\/blog\/wp-json\/wp\/v2\/media?parent=2626"}],"wp:term":[{"taxonomy":"category","embeddable":true,"href":"https:\/\/www.keinblatt.de\/blog\/wp-json\/wp\/v2\/categories?post=2626"},{"taxonomy":"post_tag","embeddable":true,"href":"https:\/\/www.keinblatt.de\/blog\/wp-json\/wp\/v2\/tags?post=2626"}],"curies":[{"name":"wp","href":"https:\/\/api.w.org\/{rel}","templated":true}]}}