{"id":260,"date":"2013-10-04T14:08:29","date_gmt":"2013-10-04T12:08:29","guid":{"rendered":"http:\/\/www.keinblatt.de\/blog\/?p=260"},"modified":"2015-04-14T02:19:05","modified_gmt":"2015-04-14T00:19:05","slug":"rtl-katastrophenfilm-helden-tv-zuschauer-entwickelt-neid-auf-eingeschlafene-fuesse","status":"publish","type":"post","link":"https:\/\/www.keinblatt.de\/blog\/rtl-katastrophenfilm-helden-tv-zuschauer-entwickelt-neid-auf-eingeschlafene-fuesse\/","title":{"rendered":"RTL-Katastrophenfilm &#8222;Helden&#8220; \u2013 TV-Zuschauer entwickelt Neid auf eingeschlafene F\u00fc\u00dfe"},"content":{"rendered":"<figure id=\"attachment_205\" aria-describedby=\"caption-attachment-205\" style=\"width: 200px\" class=\"wp-caption alignleft\"><a href=\"https:\/\/www.keinblatt.de\/blog\/wp-content\/uploads\/2013\/09\/schwarz.jpg\"><img loading=\"lazy\" decoding=\"async\" class=\"size-full wp-image-205\" src=\"https:\/\/www.keinblatt.de\/blog\/wp-content\/uploads\/2013\/09\/schwarz.jpg\" alt=\"Schwarz\" width=\"200\" height=\"150\" \/><\/a><figcaption id=\"caption-attachment-205\" class=\"wp-caption-text\">Exklusiv: So sieht es im Inneren eines schwarzen Loches aus<\/figcaption><\/figure>\n<p>Leon Wanst aus Berlin ist sauer. Der gro\u00dfe TV-Event &#8222;Helden \u2013 Wenn dein Land dich braucht&#8220; gestern Abend auf RTL, bei dem ein Teilchenbeschleuniger au\u00dfer Kontrolle ger\u00e4t und ein schwarzes Loch produziert, habe ihm \u00fcberhaupt nicht gefallen.<\/p>\n<p>Ganz im Gegenteil, die haneb\u00fcchene Story habe so viele L\u00f6cher gehabt, dass jedes einzelne f\u00fcr sich schon ein gr\u00f6\u00dferes schwarzes Loch gewesen sei, als es ein Teilchenbeschleuniger oder gar eine Supernova je produzieren k\u00f6nnte.\u00a0Wanst ist sich sicher, die Macher h\u00e4tten bewusst einen maximal miserablen Film hergestellt, um die Leute durch vorab erschienene Verrisse neugierig zu machen. Ja, auch er habe deswegen eingeschaltet, um zu sehen, ob der Film wirklich diese negativen Anspr\u00fcche erf\u00fcllen w\u00fcrde.<\/p>\n<p>Um mitreden zu k\u00f6nnen, habe er den Film halt bis zum Ende angeschaut. Als er dann aufstehen wollte, sei er fast gest\u00fcrzt, da seine F\u00fc\u00dfe inzwischen taub waren. So etwas sei jetzt nicht so au\u00dfergew\u00f6hnlich. In Anbetracht des besonders \u00e4rgerlichen Films sei er dann aber auf einmal neidisch auf seine F\u00fc\u00dfe gewesen, weil diese eingeschlafen seien, er selbst aber w\u00e4hrend des Spektakels wach geblieben sei.<\/p>\n","protected":false},"excerpt":{"rendered":"<p>Leon Wanst aus Berlin ist sauer. Der gro\u00dfe TV-Event &#8222;Helden \u2013 Wenn dein Land dich braucht&#8220; gestern Abend auf RTL, bei dem ein Teilchenbeschleuniger au\u00dfer Kontrolle ger\u00e4t und ein schwarzes Loch produziert, habe ihm \u00fcberhaupt nicht gefallen. Ganz im Gegenteil, die haneb\u00fcchene Story habe so viele L\u00f6cher gehabt, dass jedes einzelne f\u00fcr sich schon ein [&hellip;]<\/p>\n","protected":false},"author":1,"featured_media":0,"comment_status":"open","ping_status":"open","sticky":false,"template":"","format":"standard","meta":{"footnotes":""},"categories":[16],"tags":[612,611,609,338],"class_list":["post-260","post","type-post","status-publish","format-standard","hentry","category-filmetv","tag-katastrophenfilm","tag-rtl","tag-schwarzes-loch","tag-teilchenbeschleuniger"],"_links":{"self":[{"href":"https:\/\/www.keinblatt.de\/blog\/wp-json\/wp\/v2\/posts\/260","targetHints":{"allow":["GET"]}}],"collection":[{"href":"https:\/\/www.keinblatt.de\/blog\/wp-json\/wp\/v2\/posts"}],"about":[{"href":"https:\/\/www.keinblatt.de\/blog\/wp-json\/wp\/v2\/types\/post"}],"author":[{"embeddable":true,"href":"https:\/\/www.keinblatt.de\/blog\/wp-json\/wp\/v2\/users\/1"}],"replies":[{"embeddable":true,"href":"https:\/\/www.keinblatt.de\/blog\/wp-json\/wp\/v2\/comments?post=260"}],"version-history":[{"count":0,"href":"https:\/\/www.keinblatt.de\/blog\/wp-json\/wp\/v2\/posts\/260\/revisions"}],"wp:attachment":[{"href":"https:\/\/www.keinblatt.de\/blog\/wp-json\/wp\/v2\/media?parent=260"}],"wp:term":[{"taxonomy":"category","embeddable":true,"href":"https:\/\/www.keinblatt.de\/blog\/wp-json\/wp\/v2\/categories?post=260"},{"taxonomy":"post_tag","embeddable":true,"href":"https:\/\/www.keinblatt.de\/blog\/wp-json\/wp\/v2\/tags?post=260"}],"curies":[{"name":"wp","href":"https:\/\/api.w.org\/{rel}","templated":true}]}}