{"id":2591,"date":"2017-04-24T20:28:17","date_gmt":"2017-04-24T18:28:17","guid":{"rendered":"http:\/\/www.keinblatt.de\/blog\/?p=2591"},"modified":"2017-04-25T08:41:02","modified_gmt":"2017-04-25T06:41:02","slug":"seehofer-schwaecheanfall-wegen-sensationell-guter-medizinischer-werte","status":"publish","type":"post","link":"https:\/\/www.keinblatt.de\/blog\/seehofer-schwaecheanfall-wegen-sensationell-guter-medizinischer-werte\/","title":{"rendered":"Seehofer: Schw\u00e4cheanfall wegen sensationell guter medizinischer Werte"},"content":{"rendered":"<figure id=\"attachment_2406\" aria-describedby=\"caption-attachment-2406\" style=\"width: 300px\" class=\"wp-caption alignleft\"><a href=\"https:\/\/www.keinblatt.de\/blog\/wp-content\/uploads\/2016\/12\/Horst_Seehofer_November_2015.jpg\"><img loading=\"lazy\" decoding=\"async\" class=\"size-medium wp-image-2406\" src=\"https:\/\/www.keinblatt.de\/blog\/wp-content\/uploads\/2016\/12\/Horst_Seehofer_November_2015-300x200.jpg\" alt=\"Horst Seehofer\" width=\"300\" height=\"200\" srcset=\"https:\/\/www.keinblatt.de\/blog\/wp-content\/uploads\/2016\/12\/Horst_Seehofer_November_2015-300x200.jpg 300w, https:\/\/www.keinblatt.de\/blog\/wp-content\/uploads\/2016\/12\/Horst_Seehofer_November_2015-768x512.jpg 768w, https:\/\/www.keinblatt.de\/blog\/wp-content\/uploads\/2016\/12\/Horst_Seehofer_November_2015.jpg 800w\" sizes=\"auto, (max-width: 300px) 100vw, 300px\" \/><\/a><figcaption id=\"caption-attachment-2406\" class=\"wp-caption-text\">Horst Seehofer (CSU): Erst der personifizierte Schw\u00e4cheanfall, jetzt wieder topfit. Foto: <a href=\"https:\/\/commons.wikimedia.org\/wiki\/File:Horst_Seehofer_November_2015.jpg\" target=\"_blank\">Freud<\/a> \/ Lizenz: <a href=\"https:\/\/creativecommons.org\/licenses\/by-sa\/3.0\/deed.en\" target=\"_blank\">CC BY-SA 3.0<\/a><\/figcaption><\/figure>\n<p>Horst Seehofer hat heute offiziell <a href=\"https:\/\/www.spiegel.de\/politik\/deutschland\/horst-seehofer-csu-chef-will-weitermachen-und-zeit-schinden-a-1144600.html\" target=\"_blank\">erkl\u00e4rt, dass er weitermachen werde. Er wolle auch \u00fcber 2018 hinaus Ministerpr\u00e4sident bleiben<\/a>.<\/p>\n<p>Bislang hatte Seehofer gesagt, dass er sich sp\u00e4testens 2018 aus der aktiven Politik zur\u00fcckziehen wolle. Beobachter machten f\u00fcr Seehofers fr\u00fchere Erkl\u00e4rung auch seinen instabilen Gesundheitszustand verantwortlich, der immer wieder Schw\u00e4cheanf\u00e4lle zur Folge hatte.<\/p>\n<p>Doch auch w\u00e4hrend Seehofers heutiger Erkl\u00e4rung mussten ihn Helfer immer wieder st\u00fctzen. Als Seehofer erkl\u00e4rte, dass seine gesundheitlichen Probleme gel\u00f6st seien, sackte er dreimal kurz zusammen.<\/p>\n<h3>Sensationell gute Werte f\u00fchrten zu einer belastenden Euphorie<\/h3>\n<p>Sein Sprecher erkl\u00e4rte sp\u00e4ter, dass Seehofers Werte seit ein paar Tagen wieder sensationell gut seien. Sein Arzt h\u00e4tte gar nicht glauben k\u00f6nnen, als er die Untersuchungsergebnisse aus dem geriatrischen Labor bekam. Die Werte seien teilweise besser als bei einem 20-J\u00e4hrigen, so der Sprecher. Diese Nachricht sei f\u00fcr Seehofer so euphorisierend gewesen, dass er nicht nur beim Arzt, sondern auch w\u00e4hrend seiner Erkl\u00e4rung noch einmal einen Schw\u00e4cheanfall erlitten habe. Die Nachricht \u00fcber einen normal guten Gesundheitszustand h\u00e4tte Seehofer nat\u00fcrlich problemlos verkraftet, hie\u00df es, daf\u00fcr sei seine Gesundheit stabil genug, aber f\u00fcr eine solche Hammernachricht h\u00e4tte er einen noch besseren Zustand ben\u00f6tigt, der aber in seinem Alter nicht mehr erreichbar sei.<\/p>\n<p>Derzeit erholt sich Seehofer im Franz-Josef-Strau\u00df-Sanatorium in M\u00fcnchen Harlaching von seinem Schw\u00e4cheanfall. Dorthin war Seehofer gebracht worden, weil man auf der Fahrt ins Sanatorium mit einem weiteren Schw\u00e4cheanfall rechnete, wozu es auch kam.<\/p>\n","protected":false},"excerpt":{"rendered":"<p>Horst Seehofer hat heute offiziell erkl\u00e4rt, dass er weitermachen werde. Er wolle auch \u00fcber 2018 hinaus Ministerpr\u00e4sident bleiben. Bislang hatte Seehofer gesagt, dass er sich sp\u00e4testens 2018 aus der aktiven Politik zur\u00fcckziehen wolle. Beobachter machten f\u00fcr Seehofers fr\u00fchere Erkl\u00e4rung auch seinen instabilen Gesundheitszustand verantwortlich, der immer wieder Schw\u00e4cheanf\u00e4lle zur Folge hatte. Doch auch w\u00e4hrend Seehofers [&hellip;]<\/p>\n","protected":false},"author":1,"featured_media":0,"comment_status":"open","ping_status":"open","sticky":false,"template":"","format":"standard","meta":{"footnotes":""},"categories":[13,6],"tags":[240],"class_list":["post-2591","post","type-post","status-publish","format-standard","hentry","category-medizin","category-politik","tag-horst-seehofer"],"_links":{"self":[{"href":"https:\/\/www.keinblatt.de\/blog\/wp-json\/wp\/v2\/posts\/2591","targetHints":{"allow":["GET"]}}],"collection":[{"href":"https:\/\/www.keinblatt.de\/blog\/wp-json\/wp\/v2\/posts"}],"about":[{"href":"https:\/\/www.keinblatt.de\/blog\/wp-json\/wp\/v2\/types\/post"}],"author":[{"embeddable":true,"href":"https:\/\/www.keinblatt.de\/blog\/wp-json\/wp\/v2\/users\/1"}],"replies":[{"embeddable":true,"href":"https:\/\/www.keinblatt.de\/blog\/wp-json\/wp\/v2\/comments?post=2591"}],"version-history":[{"count":0,"href":"https:\/\/www.keinblatt.de\/blog\/wp-json\/wp\/v2\/posts\/2591\/revisions"}],"wp:attachment":[{"href":"https:\/\/www.keinblatt.de\/blog\/wp-json\/wp\/v2\/media?parent=2591"}],"wp:term":[{"taxonomy":"category","embeddable":true,"href":"https:\/\/www.keinblatt.de\/blog\/wp-json\/wp\/v2\/categories?post=2591"},{"taxonomy":"post_tag","embeddable":true,"href":"https:\/\/www.keinblatt.de\/blog\/wp-json\/wp\/v2\/tags?post=2591"}],"curies":[{"name":"wp","href":"https:\/\/api.w.org\/{rel}","templated":true}]}}