{"id":2585,"date":"2017-04-18T16:09:14","date_gmt":"2017-04-18T14:09:14","guid":{"rendered":"http:\/\/www.keinblatt.de\/blog\/?p=2585"},"modified":"2020-02-25T23:28:24","modified_gmt":"2020-02-25T22:28:24","slug":"das-volk-jagt-ihn-wegen-wahlbetrug-erdogan-beantragt-asyl-in-deutschland","status":"publish","type":"post","link":"https:\/\/www.keinblatt.de\/blog\/das-volk-jagt-ihn-wegen-wahlbetrug-erdogan-beantragt-asyl-in-deutschland\/","title":{"rendered":"Das Volk jagt ihn wegen Wahlbetrug: Erdo\u011fan beantragt Asyl in Deutschland"},"content":{"rendered":"<figure id=\"attachment_661\" aria-describedby=\"caption-attachment-661\" style=\"width: 220px\" class=\"wp-caption alignleft\"><a href=\"https:\/\/www.keinblatt.de\/blog\/wp-content\/uploads\/2014\/03\/441px-Erdogan_cropped.jpg\"><img loading=\"lazy\" decoding=\"async\" class=\"size-medium wp-image-661\" src=\"https:\/\/www.keinblatt.de\/blog\/wp-content\/uploads\/2014\/03\/441px-Erdogan_cropped-220x300.jpg\" alt=\"Recep Tayyip Erdo\u011fan\" width=\"220\" height=\"300\" srcset=\"https:\/\/www.keinblatt.de\/blog\/wp-content\/uploads\/2014\/03\/441px-Erdogan_cropped-220x300.jpg 220w, https:\/\/www.keinblatt.de\/blog\/wp-content\/uploads\/2014\/03\/441px-Erdogan_cropped.jpg 441w\" sizes=\"auto, (max-width: 220px) 100vw, 220px\" \/><\/a><figcaption id=\"caption-attachment-661\" class=\"wp-caption-text\">Das Volk ist so b\u00f6se und ungerecht. Erdo\u011fan ist vor seinem eigenen Volk geflohen. &#8222;Dabei liebe ich euch doch alle!&#8220;, lie\u00df Erdo\u011fan als Abschiedsgru\u00df \u00fcber die noch vorhandenen f\u00fcnf t\u00fcrkischen Medien verbreiten. Da war er aber schon l\u00e4ngst in Deutschland. Foto: <a href=\"https:\/\/commons.wikimedia.org\/wiki\/File:Erdogan_cropped.JPG\" target=\"_blank\">Prime Minister Office<\/a> \/ Lizenz: <a href=\"https:\/\/creativecommons.org\/licenses\/by-sa\/2.0\/deed.en\" target=\"_blank\">CC BY-SA 2.0<\/a><\/figcaption><\/figure>\n<p>Dramatische Wende in der T\u00fcrkei. Die Opposition will das Referendum wegen m\u00f6glicher Wahlf\u00e4lschung annullieren lassen, das Volk muckt immer st\u00e4rker gegen Erdo\u011fan auf.<\/p>\n<p>Prinzipiell k\u00f6nnte Erdo\u011fan sogar die Todesstrafe drohen. Zwar wurde diese abgeschafft, jedoch sehen Juristen sie bei besonders schweren F\u00e4llen wie Wahlf\u00e4lschung f\u00fcr weiter anwendbar.<\/p>\n<p>Erdo\u011fan, der inzwischen sein Land verlassen hat und sich an einem geheimen Ort in Deutschland aufh\u00e4lt, f\u00fchlte sich in der T\u00fcrkei sp\u00e4testens seit Bekanntgabe des Wahlergebnisses und der ersten gro\u00dfen Proteste extrem unwohl. &#8222;Ich habe gar nicht gedacht, dass es sich so schei\u00dfe anf\u00fchlt, wenn man politisch verfolgt wird&#8220;, sagte Erdo\u011fan, &#8222;warum zur H\u00f6lle hat mir das niemand gesagt? K\u00f6nnte es sein, dass ein Kurde, dessen Dorf bombardiert wird, sich noch schei\u00dfiger f\u00fchlt?&#8220;<\/p>\n<h3>Erdo\u011fan beantragt zweimal Asyl: einmal f\u00fcr sich und einmal als Vormund f\u00fcr seine Frau<\/h3>\n<p>Inzwischen wurde best\u00e4tigt, dass Erdo\u011fan und seine Frau Asyl in Deutschland beantragt haben. Beobachter rechnen mit guten Chancen auf Asyl, da der Antragssteller ja tats\u00e4chlich aus politischen Gr\u00fcnden geflohen sei und in seiner Heimat nach aller Voraussicht nicht mehr sicher sein werde.<\/p>\n<p>Warum er ausgerechnet im Land der Nazienkel und der Nazimethoden anwendenden Faschisten Asyl beantragt habe? Erdo\u011fan meint dazu: &#8222;Ich habe fast alle L\u00e4nder beschimpft und gegen sie gehetzt. Daher ist es v\u00f6llig gaga, ich meine egal, wo ich Asyl beantrage, Hauptsache es ist ein demokratischer Staat mit unabh\u00e4ngiger Justiz. \u00c4hh, ich wollte nat\u00fcrlich etwas ganz anderes sagen. Hatte ich das damals wirklich bestritten und mich dabei heiser gebr\u00fcllt? \u2013 Lassen Sie mich mal \u00fcberl\u00fcgen, ich meine \u00fcberleben, verdammt, \u00fcberlegen \u2026&#8220;<img loading=\"lazy\" decoding=\"async\" class=\"2vg\" src=\"https:\/\/ssl-vg03.met.vgwort.de\/na\/27d3298035f84890be2de525f0568a1d\" alt=\"\" width=\"1\" height=\"1\" \/><\/p>\n","protected":false},"excerpt":{"rendered":"<p>Dramatische Wende in der T\u00fcrkei. Die Opposition will das Referendum wegen m\u00f6glicher Wahlf\u00e4lschung annullieren lassen, das Volk muckt immer st\u00e4rker gegen Erdo\u011fan auf. Prinzipiell k\u00f6nnte Erdo\u011fan sogar die Todesstrafe drohen. Zwar wurde diese abgeschafft, jedoch sehen Juristen sie bei besonders schweren F\u00e4llen wie Wahlf\u00e4lschung f\u00fcr weiter anwendbar. Erdo\u011fan, der inzwischen sein Land verlassen hat und [&hellip;]<\/p>\n","protected":false},"author":1,"featured_media":0,"comment_status":"open","ping_status":"open","sticky":false,"template":"","format":"standard","meta":{"footnotes":""},"categories":[2,7,6],"tags":[241,1717,277,367,473,1781],"class_list":["post-2585","post","type-post","status-publish","format-standard","hentry","category-gesellschaftliches","category-kriminalitat","category-politik","tag-asyl","tag-praesidialsystem","tag-recep-tayyip-erdogan","tag-referendum","tag-tuerkei","tag-wahlfaelschung"],"_links":{"self":[{"href":"https:\/\/www.keinblatt.de\/blog\/wp-json\/wp\/v2\/posts\/2585","targetHints":{"allow":["GET"]}}],"collection":[{"href":"https:\/\/www.keinblatt.de\/blog\/wp-json\/wp\/v2\/posts"}],"about":[{"href":"https:\/\/www.keinblatt.de\/blog\/wp-json\/wp\/v2\/types\/post"}],"author":[{"embeddable":true,"href":"https:\/\/www.keinblatt.de\/blog\/wp-json\/wp\/v2\/users\/1"}],"replies":[{"embeddable":true,"href":"https:\/\/www.keinblatt.de\/blog\/wp-json\/wp\/v2\/comments?post=2585"}],"version-history":[{"count":0,"href":"https:\/\/www.keinblatt.de\/blog\/wp-json\/wp\/v2\/posts\/2585\/revisions"}],"wp:attachment":[{"href":"https:\/\/www.keinblatt.de\/blog\/wp-json\/wp\/v2\/media?parent=2585"}],"wp:term":[{"taxonomy":"category","embeddable":true,"href":"https:\/\/www.keinblatt.de\/blog\/wp-json\/wp\/v2\/categories?post=2585"},{"taxonomy":"post_tag","embeddable":true,"href":"https:\/\/www.keinblatt.de\/blog\/wp-json\/wp\/v2\/tags?post=2585"}],"curies":[{"name":"wp","href":"https:\/\/api.w.org\/{rel}","templated":true}]}}