{"id":2578,"date":"2017-04-12T13:16:26","date_gmt":"2017-04-12T11:16:26","guid":{"rendered":"http:\/\/www.keinblatt.de\/blog\/?p=2578"},"modified":"2020-02-25T23:30:19","modified_gmt":"2020-02-25T22:30:19","slug":"kim-droht-mit-atomschlag-spicer-fuer-die-usa-ist-ein-einsatz-von-atomwaffen-immer-undenkbar-gewesen","status":"publish","type":"post","link":"https:\/\/www.keinblatt.de\/blog\/kim-droht-mit-atomschlag-spicer-fuer-die-usa-ist-ein-einsatz-von-atomwaffen-immer-undenkbar-gewesen\/","title":{"rendered":"Kim droht mit Atomschlag \u2013 Spicer: &#8222;F\u00fcr die USA ist ein Einsatz von Atomwaffen immer undenkbar gewesen&#8220;"},"content":{"rendered":"<figure id=\"attachment_2579\" aria-describedby=\"caption-attachment-2579\" style=\"width: 300px\" class=\"wp-caption alignleft\"><a href=\"https:\/\/www.keinblatt.de\/blog\/wp-content\/uploads\/2017\/04\/Press_secretary_Sean_Spicer.jpg\"><img loading=\"lazy\" decoding=\"async\" class=\"size-medium wp-image-2579\" src=\"https:\/\/www.keinblatt.de\/blog\/wp-content\/uploads\/2017\/04\/Press_secretary_Sean_Spicer-300x300.jpg\" alt=\"Sean Spicer\" width=\"300\" height=\"300\" srcset=\"https:\/\/www.keinblatt.de\/blog\/wp-content\/uploads\/2017\/04\/Press_secretary_Sean_Spicer-300x300.jpg 300w, https:\/\/www.keinblatt.de\/blog\/wp-content\/uploads\/2017\/04\/Press_secretary_Sean_Spicer-150x150.jpg 150w, https:\/\/www.keinblatt.de\/blog\/wp-content\/uploads\/2017\/04\/Press_secretary_Sean_Spicer.jpg 400w\" sizes=\"auto, (max-width: 300px) 100vw, 300px\" \/><\/a><figcaption id=\"caption-attachment-2579\" class=\"wp-caption-text\">Sean Spicer redet sich um Kopf und Kragen. Lizenz: Public Domain<\/figcaption><\/figure>\n<p>Trumps Sprecher Sean Spicer hat Syriens Diktator Assad unterstellt, schlimmer als Hitler zu sein. &#8222;Nicht einmal Hitler ist so weit gesunken, Chemiewaffen einzusetzen&#8220;, sagte Spicer. Diese Aussage sorgte f\u00fcr massive Emp\u00f6rung, da Hitler Juden systematisch mit dem Giftgas Zyklon B vernichten lie\u00df.<\/p>\n<p>Spicer erkl\u00e4rte daraufhin, was er damit gemeint habe, und gab eine Erkl\u00e4rung ab, mit der er alles noch schlimmer machte:<\/p>\n<blockquote><p>Hitler hat das Giftgas nicht gegen seine eigenen Leute auf die gleiche Weise eingesetzt wie Assad. Er hat sie in Holocaust-Zentren gebracht.<\/p><\/blockquote>\n<p>Mit &#8222;Holocaust-Zentren&#8220; meinte Spicer wohl Konzentrationslager. Was weniger schlimm daran sein soll, dass Juden, Oppositionelle und Homosexuelle \u2013 also auch die eigenen Leute! \u2013 &#8222;nur&#8220; in Konzentrationslagern vergast wurden und nicht das Giftgas \u00fcber Stadtzentren abgeworfen wurde, wei\u00df wohl nur Spicer.<\/p>\n<p>Inzwischen hat sich Spicer zur Bedrohung durch Nordkoreas Diktator Kim Jong-un ge\u00e4u\u00dfert, der offenbar kurz davor steht, Langstreckenraketen mit Atombomben best\u00fccken zu k\u00f6nnen. Er k\u00f6nnte auf diese Weise die USA angreifen.<\/p>\n<p>Spicer kritisierte Kim Jong-un auf das Sch\u00e4rfste und fand endlich die richtigen Worte, indem er sagte: &#8222;F\u00fcr die USA ist ein Einsatz von Atomwaffen immer undenkbar gewesen. Punkt.&#8220; Also, geht doch, Herr Spicer!<\/p>\n","protected":false},"excerpt":{"rendered":"<p>Trumps Sprecher Sean Spicer hat Syriens Diktator Assad unterstellt, schlimmer als Hitler zu sein. &#8222;Nicht einmal Hitler ist so weit gesunken, Chemiewaffen einzusetzen&#8220;, sagte Spicer. Diese Aussage sorgte f\u00fcr massive Emp\u00f6rung, da Hitler Juden systematisch mit dem Giftgas Zyklon B vernichten lie\u00df. Spicer erkl\u00e4rte daraufhin, was er damit gemeint habe, und gab eine Erkl\u00e4rung ab, [&hellip;]<\/p>\n","protected":false},"author":1,"featured_media":0,"comment_status":"open","ping_status":"open","sticky":false,"template":"","format":"standard","meta":{"footnotes":""},"categories":[2,23,977,6],"tags":[203,1253,1776,1036,1775,1779,608,1778,1777,607,1774,31],"class_list":["post-2578","post","type-post","status-publish","format-standard","hentry","category-gesellschaftliches","category-historisches","category-konflikteterrormilitaer","category-politik","tag-adolf-hitler","tag-atombombe","tag-bashar-hafez-al-assad","tag-donald-trump","tag-giftgas","tag-juden","tag-kim-jong-un","tag-konzentrationslager","tag-kz","tag-nordkorea","tag-sean-spicer","tag-usa"],"_links":{"self":[{"href":"https:\/\/www.keinblatt.de\/blog\/wp-json\/wp\/v2\/posts\/2578","targetHints":{"allow":["GET"]}}],"collection":[{"href":"https:\/\/www.keinblatt.de\/blog\/wp-json\/wp\/v2\/posts"}],"about":[{"href":"https:\/\/www.keinblatt.de\/blog\/wp-json\/wp\/v2\/types\/post"}],"author":[{"embeddable":true,"href":"https:\/\/www.keinblatt.de\/blog\/wp-json\/wp\/v2\/users\/1"}],"replies":[{"embeddable":true,"href":"https:\/\/www.keinblatt.de\/blog\/wp-json\/wp\/v2\/comments?post=2578"}],"version-history":[{"count":0,"href":"https:\/\/www.keinblatt.de\/blog\/wp-json\/wp\/v2\/posts\/2578\/revisions"}],"wp:attachment":[{"href":"https:\/\/www.keinblatt.de\/blog\/wp-json\/wp\/v2\/media?parent=2578"}],"wp:term":[{"taxonomy":"category","embeddable":true,"href":"https:\/\/www.keinblatt.de\/blog\/wp-json\/wp\/v2\/categories?post=2578"},{"taxonomy":"post_tag","embeddable":true,"href":"https:\/\/www.keinblatt.de\/blog\/wp-json\/wp\/v2\/tags?post=2578"}],"curies":[{"name":"wp","href":"https:\/\/api.w.org\/{rel}","templated":true}]}}