{"id":2573,"date":"2017-04-09T21:43:58","date_gmt":"2017-04-09T19:43:58","guid":{"rendered":"http:\/\/www.keinblatt.de\/blog\/?p=2573"},"modified":"2020-08-26T00:16:19","modified_gmt":"2020-08-25T22:16:19","slug":"afd-spitze-vergleicht-hoecke-mit-hitler-hoecke-anhaenger-verwirrt-beleidigung-oder-kompliment","status":"publish","type":"post","link":"https:\/\/www.keinblatt.de\/blog\/afd-spitze-vergleicht-hoecke-mit-hitler-hoecke-anhaenger-verwirrt-beleidigung-oder-kompliment\/","title":{"rendered":"AfD-Spitze vergleicht H\u00f6cke mit Hitler \u2013 H\u00f6cke-Anh\u00e4nger verwirrt: Beleidigung oder Kompliment?"},"content":{"rendered":"<figure id=\"attachment_2468\" aria-describedby=\"caption-attachment-2468\" style=\"width: 300px\" class=\"wp-caption alignleft\"><a href=\"https:\/\/www.keinblatt.de\/blog\/wp-content\/uploads\/2017\/01\/22391802232_e8c70d700e_b.jpg\"><img loading=\"lazy\" decoding=\"async\" class=\"size-medium wp-image-2468\" src=\"https:\/\/www.keinblatt.de\/blog\/wp-content\/uploads\/2017\/01\/22391802232_e8c70d700e_b-300x200.jpg\" alt=\"Bernd H\u00f6cke\" width=\"300\" height=\"200\" srcset=\"https:\/\/www.keinblatt.de\/blog\/wp-content\/uploads\/2017\/01\/22391802232_e8c70d700e_b-300x200.jpg 300w, https:\/\/www.keinblatt.de\/blog\/wp-content\/uploads\/2017\/01\/22391802232_e8c70d700e_b-768x512.jpg 768w, https:\/\/www.keinblatt.de\/blog\/wp-content\/uploads\/2017\/01\/22391802232_e8c70d700e_b.jpg 1024w\" sizes=\"auto, (max-width: 300px) 100vw, 300px\" \/><\/a><figcaption id=\"caption-attachment-2468\" class=\"wp-caption-text\">Bernd H\u00f6cke (noch AfD): Er ist unvergleichlich. Oder doch nicht? Foto: Metropolico.org \/ Lizenz: <a href=\"https:\/\/creativecommons.org\/licenses\/by-sa\/2.0\/\" target=\"_blank\">CC BY-SA 2.0<\/a><\/figcaption><\/figure>\n<p>Bernd H\u00f6cke wurde von der AfD-Spitze mit Adolf Hitler verglichen. Die AfD-Spitze will den Fraktionsvorsitzenden des Th\u00fcringer Landtags wegen seiner, so w\u00f6rtlich, &#8222;\u00fcbergro\u00dfen N\u00e4he zum Nationalsozialismus&#8220; nun aus der Partei ausschlie\u00dfen.<\/p>\n<p>Eine Schl\u00fcsselrolle spielt dabei die Rede von H\u00f6cke am 17.01.2017 im Ball- und Brauhaus Watzke. H\u00f6cke sagte hierbei: &#8222;Wir Deutschen \u2013 und ich rede jetzt nicht von euch Patrioten, die sich hier heute versammelt haben \u2013 wir Deutschen, also unser Volk, sind das einzige Volk der Welt, das sich ein Denkmal der Schande in das Herz seiner Hauptstadt gepflanzt hat.\u201c Ebenso forderte H\u00f6cke eine &#8222;erinnerungspolitische Wende um 180 Grad&#8220;, welche die Deutschen vollziehen sollten.<\/p>\n<p>Einen entsprechenden Antrag auf Parteiausschluss H\u00f6ckes soll nach Medieninformationen von Frauke Petry und den beiden Bundesvorst\u00e4nden Julian Flak und Klaus Fohrmann unterzeichnet worden sein.<\/p>\n<h3>Herabw\u00fcrdigung oder Lob?<\/h3>\n<p>AfD- und H\u00f6cke-Anh\u00e4nger sind nun irritiert. Ist der Vergleich der AfD-Spitze nun beleidigend, abwertend aufzufassen? Oder ist er ein klares Lob?<\/p>\n<p>Beobachter gehen davon aus, dass hier die AfD-Spitze zweigleisig f\u00e4hrt. Zum einen will sie die eher gem\u00e4\u00dfigten Anh\u00e4nger, die sich vom Nationalsozialismus ganz oder eher distanzieren, beruhigen. Das Motto ist: &#8222;Schaut her, wir tun etwas gegen Nazis in der AfD&#8220;. Zum anderen will die AfD-Spitze aber auch den rechten Rand der AfD halten. Dieser wird durch solche Gleichsetzungen zufriedengestellt, die suggerieren, dass auch das Klientel, das mit der NPD sympathisiert, weiterhin eine Heimat in der AfD hat. Denn es ist ja v\u00f6llig ungewiss, ob es \u00fcberhaupt zum Parteiausschluss kommt.<\/p>\n<p>Zum Gl\u00fcck l\u00e4sst sich diese Strategie doch relativ einfach durchschauen. Die n\u00e4chsten Wahlen werden zeigen, ob die Partei \u2013 mit oder ohne H\u00f6cke \u2013 eine Zukunft hat oder ob es nur f\u00fcr eine kleine, letzte Randnotiz in den Geschichtsb\u00fcchern reicht.<img loading=\"lazy\" decoding=\"async\" class=\"vg\" src=\"https:\/\/ssl-vg03.met.vgwort.de\/na\/1daa8cf461b14279b76baee220ffccaa\" alt=\"\" width=\"1\" height=\"1\" \/><\/p>\n","protected":false},"excerpt":{"rendered":"<p>Bernd H\u00f6cke wurde von der AfD-Spitze mit Adolf Hitler verglichen. Die AfD-Spitze will den Fraktionsvorsitzenden des Th\u00fcringer Landtags wegen seiner, so w\u00f6rtlich, &#8222;\u00fcbergro\u00dfen N\u00e4he zum Nationalsozialismus&#8220; nun aus der Partei ausschlie\u00dfen. Eine Schl\u00fcsselrolle spielt dabei die Rede von H\u00f6cke am 17.01.2017 im Ball- und Brauhaus Watzke. H\u00f6cke sagte hierbei: &#8222;Wir Deutschen \u2013 und ich rede [&hellip;]<\/p>\n","protected":false},"author":1,"featured_media":0,"comment_status":"open","ping_status":"open","sticky":false,"template":"","format":"standard","meta":{"footnotes":""},"categories":[23,6],"tags":[203,700,1639,1249,1770,1771,934],"class_list":["post-2573","post","type-post","status-publish","format-standard","hentry","category-historisches","category-politik","tag-adolf-hitler","tag-afd","tag-bernd-hoecke","tag-frauke-petry","tag-julian-flak","tag-klaus-fohrmann","tag-nationalsozialismus"],"_links":{"self":[{"href":"https:\/\/www.keinblatt.de\/blog\/wp-json\/wp\/v2\/posts\/2573","targetHints":{"allow":["GET"]}}],"collection":[{"href":"https:\/\/www.keinblatt.de\/blog\/wp-json\/wp\/v2\/posts"}],"about":[{"href":"https:\/\/www.keinblatt.de\/blog\/wp-json\/wp\/v2\/types\/post"}],"author":[{"embeddable":true,"href":"https:\/\/www.keinblatt.de\/blog\/wp-json\/wp\/v2\/users\/1"}],"replies":[{"embeddable":true,"href":"https:\/\/www.keinblatt.de\/blog\/wp-json\/wp\/v2\/comments?post=2573"}],"version-history":[{"count":0,"href":"https:\/\/www.keinblatt.de\/blog\/wp-json\/wp\/v2\/posts\/2573\/revisions"}],"wp:attachment":[{"href":"https:\/\/www.keinblatt.de\/blog\/wp-json\/wp\/v2\/media?parent=2573"}],"wp:term":[{"taxonomy":"category","embeddable":true,"href":"https:\/\/www.keinblatt.de\/blog\/wp-json\/wp\/v2\/categories?post=2573"},{"taxonomy":"post_tag","embeddable":true,"href":"https:\/\/www.keinblatt.de\/blog\/wp-json\/wp\/v2\/tags?post=2573"}],"curies":[{"name":"wp","href":"https:\/\/api.w.org\/{rel}","templated":true}]}}