{"id":2566,"date":"2017-04-04T13:41:23","date_gmt":"2017-04-04T11:41:23","guid":{"rendered":"http:\/\/www.keinblatt.de\/blog\/?p=2566"},"modified":"2019-01-17T15:30:07","modified_gmt":"2019-01-17T14:30:07","slug":"gibraltar-konflikt-spanien-beantragt-eu-foerdermittel-zum-wiederaufbau-der-armada","status":"publish","type":"post","link":"https:\/\/www.keinblatt.de\/blog\/gibraltar-konflikt-spanien-beantragt-eu-foerdermittel-zum-wiederaufbau-der-armada\/","title":{"rendered":"Gibraltar-Konflikt: Spanien beantragt EU-F\u00f6rdermittel zum Wiederaufbau der Armada"},"content":{"rendered":"<figure id=\"attachment_2567\" aria-describedby=\"caption-attachment-2567\" style=\"width: 300px\" class=\"wp-caption alignleft\"><a href=\"https:\/\/www.keinblatt.de\/blog\/wp-content\/uploads\/2017\/04\/Invincible_Armada.jpg\"><img loading=\"lazy\" decoding=\"async\" class=\"size-medium wp-image-2567\" src=\"https:\/\/www.keinblatt.de\/blog\/wp-content\/uploads\/2017\/04\/Invincible_Armada-300x235.jpg\" alt=\"Englisch Schiffe und die Spanische Armada, August 1588\" width=\"300\" height=\"235\" srcset=\"https:\/\/www.keinblatt.de\/blog\/wp-content\/uploads\/2017\/04\/Invincible_Armada-300x235.jpg 300w, https:\/\/www.keinblatt.de\/blog\/wp-content\/uploads\/2017\/04\/Invincible_Armada-768x601.jpg 768w, https:\/\/www.keinblatt.de\/blog\/wp-content\/uploads\/2017\/04\/Invincible_Armada-1024x801.jpg 1024w, https:\/\/www.keinblatt.de\/blog\/wp-content\/uploads\/2017\/04\/Invincible_Armada.jpg 1280w\" sizes=\"auto, (max-width: 300px) 100vw, 300px\" \/><\/a><figcaption id=\"caption-attachment-2567\" class=\"wp-caption-text\">Englische Schiffe und die Spanische Armada, August 1588. Lizenz: Public Domain<\/figcaption><\/figure>\n<p>Beim Brexit haben die Briten ihre Exklave Gibraltar quasi vergessen. So hei\u00dft es in dem k\u00fcrzlich ver\u00f6ffentlichten Brexit-Richtlinienentwurf der EU, dass kein Abkommen zwischen der EU und Gro\u00dfbritannien ohne Zustimmung Spaniens auf Gibraltar angewendet werden d\u00fcrfe. W\u00fcrde z.B. ein Handelsabkommen zwischen der EU und Gro\u00dfbritannien geschlossen, k\u00f6nnte Spanien verhindern, dass es auch in Gibraltar zur Anwendung k\u00e4me.<\/p>\n<p>Gro\u00dfbritannien reagierte emp\u00f6rt. Michael Howard, der ehemalige Vorsitzende der Konservativen Partei, nahm sogar das b\u00f6se Wort <em>Krieg<\/em> in den Mund. Er sagte:<\/p>\n<blockquote><p>Diese Woche vor 35 Jahren schickte eine andere Premierministerin die Truppen quer \u00fcber den Globus, um die Freiheit von Briten gegen ein anderes spanischsprachiges Land zu verteidigen. Ich bin absolut sicher, dass unsere derzeitige Premierministerin die gleiche Entschlossenheit zeigen wird, wenn es darum geht, den Einwohnern von Gibraltar beizustehen.<\/p><\/blockquote>\n<p>Ein Parteifreund stimmte ihm zu. Der Sprecher von Premierministerin Theresa May versuchte zwar, milit\u00e4rische Absichten zu bestreiten, \u00fcberzeugte aber nicht vollumf\u00e4nglich, da die scharfen Worte Howard nicht verurteilt wurden.<\/p>\n<h3>EU-F\u00f6rdermittel beantragt<\/h3>\n<figure id=\"attachment_2568\" aria-describedby=\"caption-attachment-2568\" style=\"width: 225px\" class=\"wp-caption alignright\"><a href=\"https:\/\/www.keinblatt.de\/blog\/wp-content\/uploads\/2017\/04\/450px-Gibraltar_eastside.jpg\"><img loading=\"lazy\" decoding=\"async\" class=\"size-medium wp-image-2568\" src=\"https:\/\/www.keinblatt.de\/blog\/wp-content\/uploads\/2017\/04\/450px-Gibraltar_eastside-225x300.jpg\" alt=\"Gibraltar\" width=\"225\" height=\"300\" srcset=\"https:\/\/www.keinblatt.de\/blog\/wp-content\/uploads\/2017\/04\/450px-Gibraltar_eastside-225x300.jpg 225w, https:\/\/www.keinblatt.de\/blog\/wp-content\/uploads\/2017\/04\/450px-Gibraltar_eastside.jpg 450w\" sizes=\"auto, (max-width: 225px) 100vw, 225px\" \/><\/a><figcaption id=\"caption-attachment-2568\" class=\"wp-caption-text\">Gibraltar Ostseite. Foto: <a href=\"https:\/\/commons.wikimedia.org\/wiki\/File:Gibraltar_eastside.jpg\" target=\"_blank\">Eean<\/a> \/ Lizenz: <a href=\"https:\/\/creativecommons.org\/licenses\/by-sa\/3.0\/deed.en\" target=\"_blank\">CC BY-SA 3.0<\/a><\/figcaption><\/figure>\n<p>Aus Sorge vor einer Eskalation und einem Angriff der britischen Flotte hat nun Spanien EU-F\u00f6rdermittel zum Wiederaufbau der im Krieg gegen England unterlegenen Spanischen Armada gestellt. Die Armada sollte im sp\u00e4ten 16. Jahrhundert den Sturz Elisabeths I. erzwingen. Doch die Spanische Armada konnte mit der englischen Flotte nicht mithalten, die Invasion scheiterte.<\/p>\n<p>Die Armada blieb zun\u00e4chst noch erhalten, aber ein paar Jahre sp\u00e4ter wurde sie bei einem \u00dcberraschungsangriff der Niederl\u00e4nder in der Bucht von Gibraltar (!) vernichtend geschlagen. Damit verlor Spanien endg\u00fcltig seine Vormachtstellung auf See.<\/p>\n<p>Die EU steht dem Gesuch Spaniens aufgeschlossen gegen\u00fcber. Wenn das die Brexit-Verhandlungen beschleunige, begr\u00fc\u00dfe man das. Denn man wolle das Thema ja irgendwann vom Tisch haben. Reisende solle man nicht aufhalten, so ein Sprecher der EU-Kommission, &#8222;wir wollen die Briten auch gar nicht mehr.&#8220;<\/p>\n<p>Das spanische Kriegsministerium erkl\u00e4rte unterdes, dass man urspr\u00fcnglich plante, die Schiffe aus den Museen zu holen und, so w\u00f6rtlich, &#8222;aufzupimpen&#8220;. Doch die Recherchen h\u00e4tten ergeben, dass die meisten Schiffe gesunken seien, in den Museen sei nicht viel Verwertbares, au\u00dfer Modellen und Baupl\u00e4nen. Aus Letzteren lie\u00dfe sich aber etwas machen, aber daf\u00fcr brauche es Geld.<img loading=\"lazy\" decoding=\"async\" class=\"vg\" src=\"https:\/\/ssl-vg03.met.vgwort.de\/na\/ebed4527221145d2a316d53bfa4016b5\" alt=\"\" width=\"1\" height=\"1\" \/><\/p>\n","protected":false},"excerpt":{"rendered":"<p>Beim Brexit haben die Briten ihre Exklave Gibraltar quasi vergessen. So hei\u00dft es in dem k\u00fcrzlich ver\u00f6ffentlichten Brexit-Richtlinienentwurf der EU, dass kein Abkommen zwischen der EU und Gro\u00dfbritannien ohne Zustimmung Spaniens auf Gibraltar angewendet werden d\u00fcrfe. W\u00fcrde z.B. ein Handelsabkommen zwischen der EU und Gro\u00dfbritannien geschlossen, k\u00f6nnte Spanien verhindern, dass es auch in Gibraltar zur [&hellip;]<\/p>\n","protected":false},"author":1,"featured_media":0,"comment_status":"open","ping_status":"open","sticky":false,"template":"","format":"standard","meta":{"footnotes":""},"categories":[23,977,6],"tags":[1767,1406,947,108,1765,1403,1768,1527,1766],"class_list":["post-2566","post","type-post","status-publish","format-standard","hentry","category-historisches","category-konflikteterrormilitaer","category-politik","tag-armada","tag-brexit","tag-england","tag-eu","tag-gibraltar","tag-grossbritannien","tag-michael-howard","tag-spanien","tag-theresa-may"],"_links":{"self":[{"href":"https:\/\/www.keinblatt.de\/blog\/wp-json\/wp\/v2\/posts\/2566","targetHints":{"allow":["GET"]}}],"collection":[{"href":"https:\/\/www.keinblatt.de\/blog\/wp-json\/wp\/v2\/posts"}],"about":[{"href":"https:\/\/www.keinblatt.de\/blog\/wp-json\/wp\/v2\/types\/post"}],"author":[{"embeddable":true,"href":"https:\/\/www.keinblatt.de\/blog\/wp-json\/wp\/v2\/users\/1"}],"replies":[{"embeddable":true,"href":"https:\/\/www.keinblatt.de\/blog\/wp-json\/wp\/v2\/comments?post=2566"}],"version-history":[{"count":0,"href":"https:\/\/www.keinblatt.de\/blog\/wp-json\/wp\/v2\/posts\/2566\/revisions"}],"wp:attachment":[{"href":"https:\/\/www.keinblatt.de\/blog\/wp-json\/wp\/v2\/media?parent=2566"}],"wp:term":[{"taxonomy":"category","embeddable":true,"href":"https:\/\/www.keinblatt.de\/blog\/wp-json\/wp\/v2\/categories?post=2566"},{"taxonomy":"post_tag","embeddable":true,"href":"https:\/\/www.keinblatt.de\/blog\/wp-json\/wp\/v2\/tags?post=2566"}],"curies":[{"name":"wp","href":"https:\/\/api.w.org\/{rel}","templated":true}]}}