{"id":2541,"date":"2017-03-17T12:25:26","date_gmt":"2017-03-17T11:25:26","guid":{"rendered":"http:\/\/www.keinblatt.de\/blog\/?p=2541"},"modified":"2017-03-17T12:38:13","modified_gmt":"2017-03-17T11:38:13","slug":"erdogan-erklaert-francois-hollande-zur-unerwuenschten-person","status":"publish","type":"post","link":"https:\/\/www.keinblatt.de\/blog\/erdogan-erklaert-francois-hollande-zur-unerwuenschten-person\/","title":{"rendered":"Erdo\u011fan erkl\u00e4rt Fran\u00e7ois Hollande zur unerw\u00fcnschten Person"},"content":{"rendered":"<figure id=\"attachment_2542\" aria-describedby=\"caption-attachment-2542\" style=\"width: 220px\" class=\"wp-caption alignleft\"><a href=\"https:\/\/www.keinblatt.de\/blog\/wp-content\/uploads\/2017\/03\/Francois_Hollande_2015.jpeg.jpeg\"><img loading=\"lazy\" decoding=\"async\" class=\"size-medium wp-image-2542\" src=\"https:\/\/www.keinblatt.de\/blog\/wp-content\/uploads\/2017\/03\/Francois_Hollande_2015.jpeg-220x300.jpeg\" alt=\"Fran\u00e7ois Hollande\" width=\"220\" height=\"300\" srcset=\"https:\/\/www.keinblatt.de\/blog\/wp-content\/uploads\/2017\/03\/Francois_Hollande_2015.jpeg-220x300.jpeg 220w, https:\/\/www.keinblatt.de\/blog\/wp-content\/uploads\/2017\/03\/Francois_Hollande_2015.jpeg.jpeg 439w\" sizes=\"auto, (max-width: 220px) 100vw, 220px\" \/><\/a><figcaption id=\"caption-attachment-2542\" class=\"wp-caption-text\">Der franz\u00f6sische Pr\u00e4sident Fran\u00e7ois Hollande darf t\u00fcrkischen Boden nicht mehr betreten. Lizenz: Public Domain<\/figcaption><\/figure>\n<p>Nachdem sich die Krise zwischen der T\u00fcrkei und den Niederlanden wegen Auftrittsverboten f\u00fcr t\u00fcrkische Politiker immer weiter versch\u00e4rft hat, legt der t\u00fcrkische Pr\u00e4sident Recep Tayyip Erdo\u011fan nach und erkl\u00e4rte Fran\u00e7ois Hollande zur unerw\u00fcnschten Person. &#8222;Diese ganze holl\u00e4ndische Sippschaft will ich nicht mehr auf meinem t\u00fcrkischem Boden sehen&#8220;, so Erdo\u011fan vor der noch \u00fcbriggebliebenen regierungstreuen Presse. Alleine sein Name sei eine schwere Provokation, f\u00fchrt der t\u00fcrkische Pr\u00e4sident aus. Was soll das sein \u2013 &#8222;Fran\u00e7ois Hollande&#8220;, fragt Erdo\u011fan rhetorisch, ein &#8222;franz\u00f6sisches Holland&#8220;? &#8222;Ein Holland reicht mir&#8220;, f\u00fchrt der t\u00fcrkische Pr\u00e4sident aus. &#8222;Das sind ohnehin alles Nazis und Faschisten&#8220;, holt Erdo\u011fan aus, &#8222;alle B\u00fcrger s\u00e4mtlicher L\u00e4nder sind Nazis und Faschisten! Selbstverst\u00e4ndlich auch die T\u00fcrken, die f\u00fcrs Ausland spionieren, also alle, die nicht mit &#8218;Ja&#8216; beim Referendum stimmen wollen.&#8220; Erdo\u011fan wird noch deutlicher: &#8222;Wenn ich keine Mehrheit f\u00fcr mein Pr\u00e4sidialsystem bekomme, bin ich auch Nazi und Faschist, denn dann habe ich mein Land verraten!&#8220;<\/p>\n<p>Hollande hat inzwischen angek\u00fcndigt, in Zukunft beim Erzfeind Erdo\u011fans in Griechenland Urlaub machen zu wollen.<\/p>\n","protected":false},"excerpt":{"rendered":"<p>Nachdem sich die Krise zwischen der T\u00fcrkei und den Niederlanden wegen Auftrittsverboten f\u00fcr t\u00fcrkische Politiker immer weiter versch\u00e4rft hat, legt der t\u00fcrkische Pr\u00e4sident Recep Tayyip Erdo\u011fan nach und erkl\u00e4rte Fran\u00e7ois Hollande zur unerw\u00fcnschten Person. &#8222;Diese ganze holl\u00e4ndische Sippschaft will ich nicht mehr auf meinem t\u00fcrkischem Boden sehen&#8220;, so Erdo\u011fan vor der noch \u00fcbriggebliebenen regierungstreuen Presse. [&hellip;]<\/p>\n","protected":false},"author":1,"featured_media":0,"comment_status":"open","ping_status":"open","sticky":false,"template":"","format":"standard","meta":{"footnotes":""},"categories":[2,6],"tags":[1753,1151,1749,479,1717,277,367,473],"class_list":["post-2541","post","type-post","status-publish","format-standard","hentry","category-gesellschaftliches","category-politik","tag-francois-hollande","tag-frankreich","tag-holland","tag-niederlande","tag-praesidialsystem","tag-recep-tayyip-erdogan","tag-referendum","tag-tuerkei"],"_links":{"self":[{"href":"https:\/\/www.keinblatt.de\/blog\/wp-json\/wp\/v2\/posts\/2541","targetHints":{"allow":["GET"]}}],"collection":[{"href":"https:\/\/www.keinblatt.de\/blog\/wp-json\/wp\/v2\/posts"}],"about":[{"href":"https:\/\/www.keinblatt.de\/blog\/wp-json\/wp\/v2\/types\/post"}],"author":[{"embeddable":true,"href":"https:\/\/www.keinblatt.de\/blog\/wp-json\/wp\/v2\/users\/1"}],"replies":[{"embeddable":true,"href":"https:\/\/www.keinblatt.de\/blog\/wp-json\/wp\/v2\/comments?post=2541"}],"version-history":[{"count":0,"href":"https:\/\/www.keinblatt.de\/blog\/wp-json\/wp\/v2\/posts\/2541\/revisions"}],"wp:attachment":[{"href":"https:\/\/www.keinblatt.de\/blog\/wp-json\/wp\/v2\/media?parent=2541"}],"wp:term":[{"taxonomy":"category","embeddable":true,"href":"https:\/\/www.keinblatt.de\/blog\/wp-json\/wp\/v2\/categories?post=2541"},{"taxonomy":"post_tag","embeddable":true,"href":"https:\/\/www.keinblatt.de\/blog\/wp-json\/wp\/v2\/tags?post=2541"}],"curies":[{"name":"wp","href":"https:\/\/api.w.org\/{rel}","templated":true}]}}