{"id":2515,"date":"2017-02-28T19:07:09","date_gmt":"2017-02-28T18:07:09","guid":{"rendered":"http:\/\/www.keinblatt.de\/blog\/?p=2515"},"modified":"2017-02-28T19:07:47","modified_gmt":"2017-02-28T18:07:47","slug":"tuerkischer-satiriker-festgenommen-wegen-merkel-karikatur-ohne-kopftuch","status":"publish","type":"post","link":"https:\/\/www.keinblatt.de\/blog\/tuerkischer-satiriker-festgenommen-wegen-merkel-karikatur-ohne-kopftuch\/","title":{"rendered":"T\u00fcrkischer Satiriker festgenommen wegen Merkel-Karikatur ohne Kopftuch"},"content":{"rendered":"<figure id=\"attachment_2516\" aria-describedby=\"caption-attachment-2516\" style=\"width: 300px\" class=\"wp-caption alignleft\"><a href=\"https:\/\/www.keinblatt.de\/blog\/wp-content\/uploads\/2017\/02\/ARRIBO_DEL_PRESIDENTE_DE_TURQU\u00cdA_24438131499.jpg\"><img loading=\"lazy\" decoding=\"async\" class=\"size-medium wp-image-2516\" src=\"https:\/\/www.keinblatt.de\/blog\/wp-content\/uploads\/2017\/02\/ARRIBO_DEL_PRESIDENTE_DE_TURQU\u00cdA_24438131499-300x200.jpg\" alt=\"Erdogan und Frau\" width=\"300\" height=\"200\" srcset=\"https:\/\/www.keinblatt.de\/blog\/wp-content\/uploads\/2017\/02\/ARRIBO_DEL_PRESIDENTE_DE_TURQU\u00cdA_24438131499-300x200.jpg 300w, https:\/\/www.keinblatt.de\/blog\/wp-content\/uploads\/2017\/02\/ARRIBO_DEL_PRESIDENTE_DE_TURQU\u00cdA_24438131499-768x513.jpg 768w, https:\/\/www.keinblatt.de\/blog\/wp-content\/uploads\/2017\/02\/ARRIBO_DEL_PRESIDENTE_DE_TURQU\u00cdA_24438131499.jpg 800w\" sizes=\"auto, (max-width: 300px) 100vw, 300px\" \/><\/a><figcaption id=\"caption-attachment-2516\" class=\"wp-caption-text\">Der t\u00fcrkische Pr\u00e4sident Erdo\u011fan mit seiner Frau. Foto: <a href=\"https:\/\/commons.wikimedia.org\/wiki\/File:ARRIBO_DEL_PRESIDENTE_DE_TURQU%C3%8DA_(24438131499).jpg\" target=\"_blank\">Canciller\u00eda del Ecuador<\/a> \/ Lizenz: <a href=\"https:\/\/creativecommons.org\/licenses\/by-sa\/2.0\/deed.en\" target=\"_blank\">CC BY-SA 2.0<\/a><\/figcaption><\/figure>\n<p>Die T\u00fcrkei bewegt sich unter ihrem Pr\u00e4sidenten Recep Tayyip Erdo\u011fan in eine immer bedenklichere Richtung.<\/p>\n<p>Wie heute gemeldet, wurde der bekannte t\u00fcrkische Satiriker und Karikaturist Arslan G\u00fcr\u00fcgli auf Anweisung von Erdo\u011fan verhaftet. Sein Vergehen war, die deutsche Bundeskanzlerin Angela Merkel (CDU) in einer Karikatur ohne Kopftuch dargestellt zu haben. Die betroffene Ausgabe der politischen Wochenzeitung &#8222;Bizim liderler i\u00e7in&#8220;, f\u00fcr die G\u00fcr\u00fcgli arbeitete, darf nicht weiterverkauft werden. H\u00e4ndler, die sich nicht daran halten, m\u00fcssen mit einer Gef\u00e4ngnisstrafe rechnen. Zum Schutz des Karikaturisten wird auf einen Abdruck der Zeichnung verzichtet.<\/p>\n<p>Regierungstreue t\u00fcrkische Zeichner begr\u00fc\u00dfen die Inhaftierung von G\u00fcr\u00fcgli. Sie rechnen au\u00dferdem damit, dass langfristig die Burka in der T\u00fcrkei Pflicht werde, was es dann einfacher mache, Frauengesichter zu zeichnen.<\/p>\n","protected":false},"excerpt":{"rendered":"<p>Die T\u00fcrkei bewegt sich unter ihrem Pr\u00e4sidenten Recep Tayyip Erdo\u011fan in eine immer bedenklichere Richtung. Wie heute gemeldet, wurde der bekannte t\u00fcrkische Satiriker und Karikaturist Arslan G\u00fcr\u00fcgli auf Anweisung von Erdo\u011fan verhaftet. Sein Vergehen war, die deutsche Bundeskanzlerin Angela Merkel (CDU) in einer Karikatur ohne Kopftuch dargestellt zu haben. Die betroffene Ausgabe der politischen Wochenzeitung [&hellip;]<\/p>\n","protected":false},"author":1,"featured_media":0,"comment_status":"open","ping_status":"open","sticky":false,"template":"","format":"standard","meta":{"footnotes":""},"categories":[2,5,6,11],"tags":[95,215,444,551,1128,909,1727,277,538,473],"class_list":["post-2515","post","type-post","status-publish","format-standard","hentry","category-gesellschaftliches","category-medien","category-politik","category-religion","tag-angela-merkel","tag-burka","tag-gefaengnis","tag-islam","tag-journalisten","tag-kopftuch","tag-pressefreiheit","tag-recep-tayyip-erdogan","tag-satire","tag-tuerkei"],"_links":{"self":[{"href":"https:\/\/www.keinblatt.de\/blog\/wp-json\/wp\/v2\/posts\/2515","targetHints":{"allow":["GET"]}}],"collection":[{"href":"https:\/\/www.keinblatt.de\/blog\/wp-json\/wp\/v2\/posts"}],"about":[{"href":"https:\/\/www.keinblatt.de\/blog\/wp-json\/wp\/v2\/types\/post"}],"author":[{"embeddable":true,"href":"https:\/\/www.keinblatt.de\/blog\/wp-json\/wp\/v2\/users\/1"}],"replies":[{"embeddable":true,"href":"https:\/\/www.keinblatt.de\/blog\/wp-json\/wp\/v2\/comments?post=2515"}],"version-history":[{"count":0,"href":"https:\/\/www.keinblatt.de\/blog\/wp-json\/wp\/v2\/posts\/2515\/revisions"}],"wp:attachment":[{"href":"https:\/\/www.keinblatt.de\/blog\/wp-json\/wp\/v2\/media?parent=2515"}],"wp:term":[{"taxonomy":"category","embeddable":true,"href":"https:\/\/www.keinblatt.de\/blog\/wp-json\/wp\/v2\/categories?post=2515"},{"taxonomy":"post_tag","embeddable":true,"href":"https:\/\/www.keinblatt.de\/blog\/wp-json\/wp\/v2\/tags?post=2515"}],"curies":[{"name":"wp","href":"https:\/\/api.w.org\/{rel}","templated":true}]}}