{"id":2513,"date":"2017-02-26T23:57:10","date_gmt":"2017-02-26T22:57:10","guid":{"rendered":"http:\/\/www.keinblatt.de\/blog\/?p=2513"},"modified":"2020-08-26T00:16:36","modified_gmt":"2020-08-25T22:16:36","slug":"hoecke-bleibt-in-ard","status":"publish","type":"post","link":"https:\/\/www.keinblatt.de\/blog\/hoecke-bleibt-in-ard\/","title":{"rendered":"H\u00f6cke bleibt in ARD"},"content":{"rendered":"<figure id=\"attachment_2468\" aria-describedby=\"caption-attachment-2468\" style=\"width: 300px\" class=\"wp-caption alignleft\"><a href=\"https:\/\/www.keinblatt.de\/blog\/wp-content\/uploads\/2017\/01\/22391802232_e8c70d700e_b.jpg\"><img loading=\"lazy\" decoding=\"async\" class=\"size-medium wp-image-2468\" src=\"https:\/\/www.keinblatt.de\/blog\/wp-content\/uploads\/2017\/01\/22391802232_e8c70d700e_b-300x200.jpg\" alt=\"Bernd H\u00f6cke\" width=\"300\" height=\"200\" srcset=\"https:\/\/www.keinblatt.de\/blog\/wp-content\/uploads\/2017\/01\/22391802232_e8c70d700e_b-300x200.jpg 300w, https:\/\/www.keinblatt.de\/blog\/wp-content\/uploads\/2017\/01\/22391802232_e8c70d700e_b-768x512.jpg 768w, https:\/\/www.keinblatt.de\/blog\/wp-content\/uploads\/2017\/01\/22391802232_e8c70d700e_b.jpg 1024w\" sizes=\"auto, (max-width: 300px) 100vw, 300px\" \/><\/a><figcaption id=\"caption-attachment-2468\" class=\"wp-caption-text\">Bernd H\u00f6cke. Es war nicht der erste Eklat. Auch gerade deshalb bleibt er in der ARD. Foto: Metropolico.org \/ Lizenz: <a href=\"https:\/\/creativecommons.org\/licenses\/by-sa\/2.0\/\" target=\"_blank\">CC BY-SA 2.0<\/a><\/figcaption><\/figure>\n<p>Wie das Erste Deutsche Fernsehen heute mitteilte, bleibt der h\u00f6chst umstrittene Politiker Bernd H\u00f6cke, der j\u00fcngst mit nationalistischen T\u00f6nen zum Holocaust-Denkmal und dem Umgang der Deutschen mit ihrer Geschichte aufgefallen war, in der ARD. Wie ein Sprecher der Tagesschausprecher mitteilte, w\u00fcrden &#8222;Das Erste&#8220; und auch die Dritten Bernd H\u00f6cke weiter beobachten und \u00fcber ihn berichten, auch wenn dieser zur NPD oder zu einer anderen Gruppierung wechsle.<\/p>\n<p>Selbst wenn Herr H\u00f6cke demn\u00e4chst wieder Geschichte unterrichte, werde man bei Entgleisungen nicht tatenlos zusehen.<\/p>\n","protected":false},"excerpt":{"rendered":"<p>Wie das Erste Deutsche Fernsehen heute mitteilte, bleibt der h\u00f6chst umstrittene Politiker Bernd H\u00f6cke, der j\u00fcngst mit nationalistischen T\u00f6nen zum Holocaust-Denkmal und dem Umgang der Deutschen mit ihrer Geschichte aufgefallen war, in der ARD. Wie ein Sprecher der Tagesschausprecher mitteilte, w\u00fcrden &#8222;Das Erste&#8220; und auch die Dritten Bernd H\u00f6cke weiter beobachten und \u00fcber ihn berichten, [&hellip;]<\/p>\n","protected":false},"author":1,"featured_media":0,"comment_status":"open","ping_status":"open","sticky":false,"template":"","format":"standard","meta":{"footnotes":""},"categories":[2,23,5,6,3],"tags":[700,298,1639,1725,1726,1690,1723],"class_list":["post-2513","post","type-post","status-publish","format-standard","hentry","category-gesellschaftliches","category-historisches","category-medien","category-politik","category-wissenschaft","tag-afd","tag-ard","tag-bernd-hoecke","tag-das-erste","tag-geschichte","tag-npd","tag-tagesschau"],"_links":{"self":[{"href":"https:\/\/www.keinblatt.de\/blog\/wp-json\/wp\/v2\/posts\/2513","targetHints":{"allow":["GET"]}}],"collection":[{"href":"https:\/\/www.keinblatt.de\/blog\/wp-json\/wp\/v2\/posts"}],"about":[{"href":"https:\/\/www.keinblatt.de\/blog\/wp-json\/wp\/v2\/types\/post"}],"author":[{"embeddable":true,"href":"https:\/\/www.keinblatt.de\/blog\/wp-json\/wp\/v2\/users\/1"}],"replies":[{"embeddable":true,"href":"https:\/\/www.keinblatt.de\/blog\/wp-json\/wp\/v2\/comments?post=2513"}],"version-history":[{"count":0,"href":"https:\/\/www.keinblatt.de\/blog\/wp-json\/wp\/v2\/posts\/2513\/revisions"}],"wp:attachment":[{"href":"https:\/\/www.keinblatt.de\/blog\/wp-json\/wp\/v2\/media?parent=2513"}],"wp:term":[{"taxonomy":"category","embeddable":true,"href":"https:\/\/www.keinblatt.de\/blog\/wp-json\/wp\/v2\/categories?post=2513"},{"taxonomy":"post_tag","embeddable":true,"href":"https:\/\/www.keinblatt.de\/blog\/wp-json\/wp\/v2\/tags?post=2513"}],"curies":[{"name":"wp","href":"https:\/\/api.w.org\/{rel}","templated":true}]}}