{"id":2505,"date":"2017-02-22T22:07:56","date_gmt":"2017-02-22T21:07:56","guid":{"rendered":"http:\/\/www.keinblatt.de\/blog\/?p=2505"},"modified":"2017-02-22T22:19:35","modified_gmt":"2017-02-22T21:19:35","slug":"praesidial-referendum-in-tuerkei-stimmzettel-werden-ausschliesslich-ja-evet-ankreuzoption-haben","status":"publish","type":"post","link":"https:\/\/www.keinblatt.de\/blog\/praesidial-referendum-in-tuerkei-stimmzettel-werden-ausschliesslich-ja-evet-ankreuzoption-haben\/","title":{"rendered":"Pr\u00e4sidial-Referendum in T\u00fcrkei: Stimmzettel werden ausschlie\u00dflich &#8222;Ja&#8220; (Evet)-Ankreuzoption haben"},"content":{"rendered":"<figure id=\"attachment_661\" aria-describedby=\"caption-attachment-661\" style=\"width: 220px\" class=\"wp-caption alignleft\"><a href=\"https:\/\/www.keinblatt.de\/blog\/wp-content\/uploads\/2014\/03\/441px-Erdogan_cropped.jpg\"><img loading=\"lazy\" decoding=\"async\" class=\"size-medium wp-image-661\" src=\"https:\/\/www.keinblatt.de\/blog\/wp-content\/uploads\/2014\/03\/441px-Erdogan_cropped-220x300.jpg\" alt=\"Recep Tayyip Erdo\u011fan\" width=\"220\" height=\"300\" srcset=\"https:\/\/www.keinblatt.de\/blog\/wp-content\/uploads\/2014\/03\/441px-Erdogan_cropped-220x300.jpg 220w, https:\/\/www.keinblatt.de\/blog\/wp-content\/uploads\/2014\/03\/441px-Erdogan_cropped.jpg 441w\" sizes=\"auto, (max-width: 220px) 100vw, 220px\" \/><\/a><figcaption id=\"caption-attachment-661\" class=\"wp-caption-text\">Der t\u00fcrkische Pr\u00e4sident Recep Tayyip Erdo\u011fan will die T\u00fcrkei in eine moderne Pr\u00e4sidialdemokratie umbauen, in der Volkes Wille durch eine st\u00e4rkere Person mehr Macht erh\u00e4lt. Foto: <a href=\"https:\/\/commons.wikimedia.org\/wiki\/File:Erdogan_cropped.JPG\" target=\"_blank\">Prime Minister Office<\/a> \/ Lizenz: <a href=\"https:\/\/creativecommons.org\/licenses\/by-sa\/2.0\/deed.en\" target=\"_blank\">CC BY-SA 2.0<\/a><\/figcaption><\/figure>\n<p>Die T\u00fcrken stimmen am 16. April \u00fcber die Einf\u00fchrung eines Pr\u00e4sidialsystems ab. Entscheiden sich die T\u00fcrken daf\u00fcr, erh\u00e4lt Erdo\u011fan mehr Macht, er w\u00e4re dann gleichzeitig Staatschef und Regierungschef. Kritiker sehen eine weitere Stufe in Richtung Diktatur.<\/p>\n<h3>Leider kein Witz \u2013 Nur eine einzige Ankreuzm\u00f6glichkeit: &#8222;Ja&#8220;<\/h3>\n<p>Wie heute bekannt wurde, werden die Stimmzettel nur \u00fcber eine Ankreuzm\u00f6glichkeit f\u00fcr &#8222;Ja&#8220; (t\u00fcrkisch &#8222;Evet&#8220;) verf\u00fcgen. Erdo\u011fan sagte auf Nachfrage etwas \u00fcberrascht: &#8222;Warum sollte jemand gegen mein Pr\u00e4sidialsystem sein?&#8220; \u2013 Er glaube nicht, dass jemand gegen sein Vorhaben stimmen wolle. Daher reiche ja die Ankreuzm\u00f6glichkeit &#8222;Evet&#8220; locker aus. Dennoch frage er seine Landsleute, da dies zum guten Ton geh\u00f6re. Au\u00dferdem werde niemand gezwungen, mit &#8222;Ja&#8220; zu stimmen. An den Wahlurnen st\u00fcnden keine Soldaten, die von der Waffe Gebrauch machten, falls jemand nicht &#8222;Ja&#8220; ankreuze, so Erdo\u011fan. Gut, bewaffnete Soldaten st\u00fcnden da nat\u00fcrlich schon, korrigiert Erdo\u011fan leicht.<\/p>\n<p>Beobachter sehen die Stimmzettel kritisch. So herrscht in der T\u00fcrkei Wahlpflicht. Fernbleiben aus Protest ist also nicht ratsam, da dies bestraft w\u00fcrde. Stimmzettel ohne Kreuz wolle Erdo\u011fan auch als &#8222;Ja&#8220; werten. Wenn es nur eine Option gebe, k\u00f6nne der W\u00e4hler ja nur diese gemeint haben, so der t\u00fcrkische Pr\u00e4sident.<\/p>\n<h3>Wie k\u00f6nnen W\u00e4hler Ablehnung signalisieren?<\/h3>\n<p>So bleibt dem W\u00e4hler allenfalls, den Stimmzettel ung\u00fcltig zu machen. Wie dies sicher geht, etwa durch handschriftliche Bemerkungen oder per Durchstreichen des Textes &#8222;Evet&#8220;, bleibt unklar. Das t\u00fcrkische Innenministerium bringt ins Spiel, dass man eine kurze Begr\u00fcndung, warum man das\u00a0Pr\u00e4sidialsystem ablehnte, und seine Kontaktdaten auf dem Wahlzettel hinterlassen solle. Dies erleichtert es, sich sp\u00e4ter mit dem W\u00e4hler zu &#8222;unterhalten&#8220;.<img loading=\"lazy\" decoding=\"async\" class=\"vg\" src=\"https:\/\/ssl-vg03.met.vgwort.de\/na\/86b5365812a448ab9fa2299b9e3398ef\" alt=\"\" width=\"1\" height=\"1\" \/><\/p>\n","protected":false},"excerpt":{"rendered":"<p>Die T\u00fcrken stimmen am 16. April \u00fcber die Einf\u00fchrung eines Pr\u00e4sidialsystems ab. Entscheiden sich die T\u00fcrken daf\u00fcr, erh\u00e4lt Erdo\u011fan mehr Macht, er w\u00e4re dann gleichzeitig Staatschef und Regierungschef. Kritiker sehen eine weitere Stufe in Richtung Diktatur. Leider kein Witz \u2013 Nur eine einzige Ankreuzm\u00f6glichkeit: &#8222;Ja&#8220; Wie heute bekannt wurde, werden die Stimmzettel nur \u00fcber eine [&hellip;]<\/p>\n","protected":false},"author":1,"featured_media":0,"comment_status":"open","ping_status":"open","sticky":false,"template":"","format":"standard","meta":{"footnotes":""},"categories":[6],"tags":[1718,1717,277,367,1079,473],"class_list":["post-2505","post","type-post","status-publish","format-standard","hentry","category-politik","tag-praesident","tag-praesidialsystem","tag-recep-tayyip-erdogan","tag-referendum","tag-stimmzettel","tag-tuerkei"],"_links":{"self":[{"href":"https:\/\/www.keinblatt.de\/blog\/wp-json\/wp\/v2\/posts\/2505","targetHints":{"allow":["GET"]}}],"collection":[{"href":"https:\/\/www.keinblatt.de\/blog\/wp-json\/wp\/v2\/posts"}],"about":[{"href":"https:\/\/www.keinblatt.de\/blog\/wp-json\/wp\/v2\/types\/post"}],"author":[{"embeddable":true,"href":"https:\/\/www.keinblatt.de\/blog\/wp-json\/wp\/v2\/users\/1"}],"replies":[{"embeddable":true,"href":"https:\/\/www.keinblatt.de\/blog\/wp-json\/wp\/v2\/comments?post=2505"}],"version-history":[{"count":0,"href":"https:\/\/www.keinblatt.de\/blog\/wp-json\/wp\/v2\/posts\/2505\/revisions"}],"wp:attachment":[{"href":"https:\/\/www.keinblatt.de\/blog\/wp-json\/wp\/v2\/media?parent=2505"}],"wp:term":[{"taxonomy":"category","embeddable":true,"href":"https:\/\/www.keinblatt.de\/blog\/wp-json\/wp\/v2\/categories?post=2505"},{"taxonomy":"post_tag","embeddable":true,"href":"https:\/\/www.keinblatt.de\/blog\/wp-json\/wp\/v2\/tags?post=2505"}],"curies":[{"name":"wp","href":"https:\/\/api.w.org\/{rel}","templated":true}]}}