{"id":2474,"date":"2017-02-05T19:33:57","date_gmt":"2017-02-05T18:33:57","guid":{"rendered":"http:\/\/www.keinblatt.de\/blog\/?p=2474"},"modified":"2017-02-05T19:33:57","modified_gmt":"2017-02-05T18:33:57","slug":"feuer-im-weissen-haus-vernichtet-trumps-privatbibliothek-beide-buecher-nur-noch-asche","status":"publish","type":"post","link":"https:\/\/www.keinblatt.de\/blog\/feuer-im-weissen-haus-vernichtet-trumps-privatbibliothek-beide-buecher-nur-noch-asche\/","title":{"rendered":"Feuer im Wei\u00dfen Haus vernichtet Trumps Privatbibliothek \u2013 beide B\u00fccher nur noch Asche!"},"content":{"rendered":"<figure id=\"attachment_2475\" aria-describedby=\"caption-attachment-2475\" style=\"width: 660px\" class=\"wp-caption alignnone\"><a href=\"https:\/\/www.keinblatt.de\/blog\/wp-content\/uploads\/2017\/02\/Feuer_Wei\u00dfes_Haus.jpg\"><img loading=\"lazy\" decoding=\"async\" class=\"size-large wp-image-2475\" src=\"https:\/\/www.keinblatt.de\/blog\/wp-content\/uploads\/2017\/02\/Feuer_Wei\u00dfes_Haus-1024x768.jpg\" alt=\"Feuer_Wei\u00dfes_Haus\" width=\"660\" height=\"495\" srcset=\"https:\/\/www.keinblatt.de\/blog\/wp-content\/uploads\/2017\/02\/Feuer_Wei\u00dfes_Haus-1024x768.jpg 1024w, https:\/\/www.keinblatt.de\/blog\/wp-content\/uploads\/2017\/02\/Feuer_Wei\u00dfes_Haus-300x225.jpg 300w, https:\/\/www.keinblatt.de\/blog\/wp-content\/uploads\/2017\/02\/Feuer_Wei\u00dfes_Haus-768x576.jpg 768w, https:\/\/www.keinblatt.de\/blog\/wp-content\/uploads\/2017\/02\/Feuer_Wei\u00dfes_Haus.jpg 1280w\" sizes=\"auto, (max-width: 660px) 100vw, 660px\" \/><\/a><figcaption id=\"caption-attachment-2475\" class=\"wp-caption-text\">Es brennt im Wei\u00dfen Haus! Foto: www.elbpresse.de,bearbeitet durch keinblatt.de \/ Lizenz: <a href=\"https:\/\/creativecommons.org\/licenses\/by-sa\/4.0\/deed.en\" target=\"_blank\">CC BY-SA 4.0<\/a><\/figcaption><\/figure>\n<p>Im Wei\u00dfen Haus ist heute Nachmittag ein Feuer ausgebrochen, das Donald Trumps Privatbibliothek komplett zerst\u00f6rte. Beide B\u00fccher verbrannten. Besonders tragisch: Das zweite Buch hatte Trump noch gar nicht fertig ausgemalt. Verletzt wurde niemand. Die Polizei geht von einer achtlos weggeworfenen Zigarettenkippe aus.<\/p>\n<p>Pr\u00e4sident Donald Trump hat in einem ersten Schritt seine Butler und Hausm\u00e4dchen gefeuert.<\/p>\n","protected":false},"excerpt":{"rendered":"<p>Im Wei\u00dfen Haus ist heute Nachmittag ein Feuer ausgebrochen, das Donald Trumps Privatbibliothek komplett zerst\u00f6rte. Beide B\u00fccher verbrannten. Besonders tragisch: Das zweite Buch hatte Trump noch gar nicht fertig ausgemalt. Verletzt wurde niemand. Die Polizei geht von einer achtlos weggeworfenen Zigarettenkippe aus. Pr\u00e4sident Donald Trump hat in einem ersten Schritt seine Butler und Hausm\u00e4dchen gefeuert.<\/p>\n","protected":false},"author":1,"featured_media":0,"comment_status":"open","ping_status":"open","sticky":false,"template":"","format":"standard","meta":{"footnotes":""},"categories":[19,6,8],"tags":[1696,1036,224,587,31,1695],"class_list":["post-2474","post","type-post","status-publish","format-standard","hentry","category-kunst-kultur","category-politik","category-unfalle","tag-bibliothek","tag-donald-trump","tag-feuer","tag-us-praesident","tag-usa","tag-weisses-haus"],"_links":{"self":[{"href":"https:\/\/www.keinblatt.de\/blog\/wp-json\/wp\/v2\/posts\/2474","targetHints":{"allow":["GET"]}}],"collection":[{"href":"https:\/\/www.keinblatt.de\/blog\/wp-json\/wp\/v2\/posts"}],"about":[{"href":"https:\/\/www.keinblatt.de\/blog\/wp-json\/wp\/v2\/types\/post"}],"author":[{"embeddable":true,"href":"https:\/\/www.keinblatt.de\/blog\/wp-json\/wp\/v2\/users\/1"}],"replies":[{"embeddable":true,"href":"https:\/\/www.keinblatt.de\/blog\/wp-json\/wp\/v2\/comments?post=2474"}],"version-history":[{"count":0,"href":"https:\/\/www.keinblatt.de\/blog\/wp-json\/wp\/v2\/posts\/2474\/revisions"}],"wp:attachment":[{"href":"https:\/\/www.keinblatt.de\/blog\/wp-json\/wp\/v2\/media?parent=2474"}],"wp:term":[{"taxonomy":"category","embeddable":true,"href":"https:\/\/www.keinblatt.de\/blog\/wp-json\/wp\/v2\/categories?post=2474"},{"taxonomy":"post_tag","embeddable":true,"href":"https:\/\/www.keinblatt.de\/blog\/wp-json\/wp\/v2\/tags?post=2474"}],"curies":[{"name":"wp","href":"https:\/\/api.w.org\/{rel}","templated":true}]}}