{"id":2442,"date":"2017-01-08T12:11:35","date_gmt":"2017-01-08T11:11:35","guid":{"rendered":"http:\/\/www.keinblatt.de\/blog\/?p=2442"},"modified":"2022-07-20T22:39:54","modified_gmt":"2022-07-20T20:39:54","slug":"berlin-attentaeter-anis-amri-hatte-14-identitaeten-guenter-w-da-lach-ich-ja-nur-ich-hatte-hunderte","status":"publish","type":"post","link":"https:\/\/www.keinblatt.de\/blog\/berlin-attentaeter-anis-amri-hatte-14-identitaeten-guenter-w-da-lach-ich-ja-nur-ich-hatte-hunderte\/","title":{"rendered":"Berlin-Attent\u00e4ter Anis Amri hatte 14 Identit\u00e4ten \u2013 G\u00fcnter W.: &#8222;Da lach\u2019 ich ja nur! Ich hatte hunderte&#8220;"},"content":{"rendered":"<figure id=\"attachment_2443\" aria-describedby=\"caption-attachment-2443\" style=\"width: 200px\" class=\"wp-caption alignleft\"><a href=\"https:\/\/www.keinblatt.de\/blog\/wp-content\/uploads\/2017\/01\/400px-G\u00fcnter_Wallraff_par_Claude_Truong-Ngoc_2013.jpg\"><img loading=\"lazy\" decoding=\"async\" class=\"size-medium wp-image-2443\" src=\"https:\/\/www.keinblatt.de\/blog\/wp-content\/uploads\/2017\/01\/400px-G\u00fcnter_Wallraff_par_Claude_Truong-Ngoc_2013-200x300.jpg\" alt=\"G\u00fcnter Wallraff\" width=\"200\" height=\"300\" srcset=\"https:\/\/www.keinblatt.de\/blog\/wp-content\/uploads\/2017\/01\/400px-G\u00fcnter_Wallraff_par_Claude_Truong-Ngoc_2013-200x300.jpg 200w, https:\/\/www.keinblatt.de\/blog\/wp-content\/uploads\/2017\/01\/400px-G\u00fcnter_Wallraff_par_Claude_Truong-Ngoc_2013.jpg 400w\" sizes=\"auto, (max-width: 200px) 100vw, 200px\" \/><\/a><figcaption id=\"caption-attachment-2443\" class=\"wp-caption-text\">G\u00fcnter W. Foto: <a href=\"https:\/\/commons.wikimedia.org\/wiki\/File:G%C3%BCnter_Wallraff_par_Claude_Truong-Ngoc_2013.jpg\" target=\"_blank\">Photo Claude TRUONG-NGOC<\/a> \/ Lizenz: <a href=\"https:\/\/creativecommons.org\/licenses\/by-sa\/3.0\/deed.en\" target=\"_blank\">CC BY-SA 3.0<\/a><\/figcaption><\/figure>\n<p>Wie Medien berichteten, trat der tunesische Attent\u00e4ter Anis Amri, der einen Terroranschlag auf einem Berliner Weihnachtsmarkt ver\u00fcbte, unter ganzen 14 Identit\u00e4ten auf. Doch wie ist so etwas m\u00f6glich?<\/p>\n<p>Enth\u00fcllungsjournalist G\u00fcnter Wallraff war undercover beim Bundesamt f\u00fcr Verfassungsschutz t\u00e4tig und hat dabei herausgefunden, dass in Deutschland ein gewisser Hans-G\u00fcnter W. die meisten falschen Identit\u00e4ten nutzt.<\/p>\n<p>Die Liste ist lang und kann daher hier nur auszugsweise wiedergegeben werden. G\u00fcnter W. war unter anderem der\/ein<\/p>\n<ul>\n<li>Industriearbeiter in verschiedenen Gro\u00dfbetrieben<\/li>\n<li>Alkoholiker in einer psychiatrischen Klinik<\/li>\n<li>Obdachloser<\/li>\n<li>Student auf Zimmersuche<\/li>\n<li>Ministerialrat Kr\u00f6ver<\/li>\n<li>Arbeiter in den Melitta-Werken, bei Fichtel &amp; Sachs und Thurn und Taxis<\/li>\n<li>Portier und Bote im Gerling-Konzern<\/li>\n<li>Waffenunterh\u00e4ndler und Franz-Josef-Strau\u00df-Unterh\u00e4ndler<\/li>\n<li>Redakteur Hans Esser bei &#8222;Bild&#8220;<\/li>\n<li>t\u00fcrkische Gastarbeiter Ali Levent Sinirlio\u011flu in verschiedenen Unternehmen<\/li>\n<li>iranischer Arbeiter in Japan<\/li>\n<li>Callcenter-Mitarbeiter bei einem Lotto-Systemschein-Direktvertrieb<\/li>\n<li>Somalier Kwami Ogonno (er lie\u00df seine Haut daf\u00fcr dunkel f\u00e4rben)<\/li>\n<li>pflegebed\u00fcrftiger Greis<\/li>\n<\/ul>\n<h3>G\u00fcnter W. ist Frauke Petry und Beatrix von Storch<\/h3>\n<p>In der j\u00fcngeren Zeit nimmt G\u00fcnter W. dank stetig verbesserter Maskenbildnertechniken auch verst\u00e4rkt Frauenrollen an und spielt die Rollen der AfD-Politikerinnen Frauke Petry und Beatrix von Storch. &#8222;Immer wenn Sie Frauke Petry und Beatrix von Storch in einer Talkshow sitzen sehen, bin das in Wirklichkeit ich&#8220;, enth\u00fcllt G\u00fcnter W. Er wolle testen, ob eine rechte Partei in Deutschland wieder Fu\u00df fassen k\u00f6nne.<\/p>\n<h3>G\u00fcnter W. war Christian Wulff<\/h3>\n<p>Auch Bundespr\u00e4sident sei er schon mal gewesen, aber nur kurz. Mit einem R\u00fccktritt beendete er als Christian Wulff diese Karriere. Er habe recherchiert, ob die Deutschen einen korrupten Bundespr\u00e4sidenten akzeptieren w\u00fcrden.<\/p>\n<p>Derzeit trete er noch als \u00f6sterreichisch-schweizerischer Fernsehmoderator bei ttt auf. Da seine Identit\u00e4t aufzufliegen drohte, hatte er den Dieter Moor sterben lassen und nennt sich seitdem Max Moor.<\/p>\n<h3>Das n\u00e4chste Projekt verhei\u00dft Spannung<\/h3>\n<p>Wie viele Identit\u00e4ten und wie viele Namen G\u00fcnter W. nutzte, wei\u00df er selbst nicht mehr so genau. Es seien auf jeden Fall mehrere Hundert gewesen, sch\u00e4tzt G\u00fcnter W. Als n\u00e4chstes Projekt wolle er die Rolle eines Eisb\u00e4ren einnehmen und damit den Klimawandel und die damit eingehenden \u00c4nderungen der Lebensbedingungen dokumentieren. Er trainiere derzeit schon auf einer Eisschollen-Attrappe im Pool des Bundeskanzleramtes. Soweit es die Zeit als Bundeskanzlerin zulasse, erg\u00e4nzt G\u00fcnter W.<img loading=\"lazy\" decoding=\"async\" src=\"https:\/\/ssl-vg03.met.vgwort.de\/na\/e65a84741f68440d8daea9cf7e7119b1\" alt=\"\" width=\"1\" height=\"1\" \/><\/p>\n","protected":false},"excerpt":{"rendered":"<p>Wie Medien berichteten, trat der tunesische Attent\u00e4ter Anis Amri, der einen Terroranschlag auf einem Berliner Weihnachtsmarkt ver\u00fcbte, unter ganzen 14 Identit\u00e4ten auf. Doch wie ist so etwas m\u00f6glich? Enth\u00fcllungsjournalist G\u00fcnter Wallraff war undercover beim Bundesamt f\u00fcr Verfassungsschutz t\u00e4tig und hat dabei herausgefunden, dass in Deutschland ein gewisser Hans-G\u00fcnter W. die meisten falschen Identit\u00e4ten nutzt. Die [&hellip;]<\/p>\n","protected":false},"author":1,"featured_media":0,"comment_status":"open","ping_status":"open","sticky":false,"template":"","format":"standard","meta":{"footnotes":""},"categories":[2,977,7,6],"tags":[1681,226,1682,1680,417,1683,1652],"class_list":["post-2442","post","type-post","status-publish","format-standard","hentry","category-gesellschaftliches","category-konflikteterrormilitaer","category-kriminalitat","category-politik","tag-anis-amri","tag-berlin","tag-cover","tag-guenter-wallraff","tag-terroranschlag","tag-undercover","tag-weihnachtsmarkt"],"_links":{"self":[{"href":"https:\/\/www.keinblatt.de\/blog\/wp-json\/wp\/v2\/posts\/2442","targetHints":{"allow":["GET"]}}],"collection":[{"href":"https:\/\/www.keinblatt.de\/blog\/wp-json\/wp\/v2\/posts"}],"about":[{"href":"https:\/\/www.keinblatt.de\/blog\/wp-json\/wp\/v2\/types\/post"}],"author":[{"embeddable":true,"href":"https:\/\/www.keinblatt.de\/blog\/wp-json\/wp\/v2\/users\/1"}],"replies":[{"embeddable":true,"href":"https:\/\/www.keinblatt.de\/blog\/wp-json\/wp\/v2\/comments?post=2442"}],"version-history":[{"count":0,"href":"https:\/\/www.keinblatt.de\/blog\/wp-json\/wp\/v2\/posts\/2442\/revisions"}],"wp:attachment":[{"href":"https:\/\/www.keinblatt.de\/blog\/wp-json\/wp\/v2\/media?parent=2442"}],"wp:term":[{"taxonomy":"category","embeddable":true,"href":"https:\/\/www.keinblatt.de\/blog\/wp-json\/wp\/v2\/categories?post=2442"},{"taxonomy":"post_tag","embeddable":true,"href":"https:\/\/www.keinblatt.de\/blog\/wp-json\/wp\/v2\/tags?post=2442"}],"curies":[{"name":"wp","href":"https:\/\/api.w.org\/{rel}","templated":true}]}}