{"id":2430,"date":"2017-01-04T14:32:48","date_gmt":"2017-01-04T13:32:48","guid":{"rendered":"http:\/\/www.keinblatt.de\/blog\/?p=2430"},"modified":"2023-03-27T16:29:47","modified_gmt":"2023-03-27T14:29:47","slug":"nach-umstrittener-anti-merkel-rede-afd-kauft-der-linkspartei-sarah-wagenknecht-ab","status":"publish","type":"post","link":"https:\/\/www.keinblatt.de\/blog\/nach-umstrittener-anti-merkel-rede-afd-kauft-der-linkspartei-sarah-wagenknecht-ab\/","title":{"rendered":"Nach umstrittener Anti-Merkel-Rede: AfD kauft der Linkspartei Sahra Wagenknecht ab"},"content":{"rendered":"<figure id=\"attachment_570\" aria-describedby=\"caption-attachment-570\" style=\"width: 200px\" class=\"wp-caption alignleft\"><a href=\"https:\/\/www.keinblatt.de\/blog\/wp-content\/uploads\/2014\/02\/400px-Sahra_Wagenknecht_2012_1.jpg\"><img loading=\"lazy\" decoding=\"async\" class=\"size-medium wp-image-570\" src=\"https:\/\/www.keinblatt.de\/blog\/wp-content\/uploads\/2014\/02\/400px-Sahra_Wagenknecht_2012_1-200x300.jpg\" alt=\"Sahra Wagenknecht\" width=\"200\" height=\"300\" srcset=\"https:\/\/www.keinblatt.de\/blog\/wp-content\/uploads\/2014\/02\/400px-Sahra_Wagenknecht_2012_1-200x300.jpg 200w, https:\/\/www.keinblatt.de\/blog\/wp-content\/uploads\/2014\/02\/400px-Sahra_Wagenknecht_2012_1.jpg 400w\" sizes=\"auto, (max-width: 200px) 100vw, 200px\" \/><\/a><figcaption id=\"caption-attachment-570\" class=\"wp-caption-text\">Sahra Wagenknecht: Transfer des Jahres? Foto: <a href=\"https:\/\/commons.wikimedia.org\/wiki\/File:Sahra_Wagenknecht_2012_1.jpg\" target=\"_blank\">xtranews.de<\/a> \/ Lizenz: <a href=\"https:\/\/creativecommons.org\/licenses\/by\/2.0\/deed.en\" target=\"_blank\">CC BY 2.0<\/a><\/figcaption><\/figure>\n<p>Die AfD hat \u00fcberraschend der Linkspartei Sahra Wagenknecht abgekauft. F\u00fcr den Transfer zahlte die AfD nach Insiderinformationen 180.000 Euro. Anlass f\u00fcr den Transfer war eine Rede der Linken-Fraktionsvorsitzenden, in der Wagen\u00adknecht Bundeskanzlerin Angela Merkel (CDU) eine Mitschuld an dem islamistischen Terroranschlag auf einem Berliner Weihnachtsmarkt attestierte, bei dem 12 Menschen starben.<\/p>\n<p><a href=\"https:\/\/www.zeit.de\/politik\/deutschland\/2017-01\/sahra-wagenknecht-angela-merkel-fluechtlingskrise-berlin-anschlag-kritik\" target=\"_blank\" rel=\"noopener\">Wagenknecht nannte hier als Begr\u00fcndung die &#8222;unkontrollierte Grenz\u00f6ffnung&#8220;, aber auch die &#8222;von Merkel unterst\u00fctzten \u00d6lkriege der USA und ihrer Verb\u00fcndeten&#8220;, die den Islamischen Staat hervorgebracht und stark gemacht h\u00e4tten.<\/a><\/p>\n<p>Ein AfD-Sprecher sagte, mit dem Transfer sei die eigene Mannschaft um eine Weltklasse-Rechtsau\u00dfenst\u00fcrmerin erweitert worden. Der Deal w\u00e4re aber fast gescheitert, da Wagenknecht f\u00fcr die AfD eigentlich zu weit rechts stehe. Frau Wagenknecht habe aber fest zugesagt, sich nicht weiter nach rechts zu bewegen, da ja rechts schon die Wand sei. Wie bekannt wurde, ist die Linke \u00fcber den Deal keinesfalls ungl\u00fccklich.<\/p>\n","protected":false},"excerpt":{"rendered":"<p>Die AfD hat \u00fcberraschend der Linkspartei Sahra Wagenknecht abgekauft. F\u00fcr den Transfer zahlte die AfD nach Insiderinformationen 180.000 Euro. Anlass f\u00fcr den Transfer war eine Rede der Linken-Fraktionsvorsitzenden, in der Wagen\u00adknecht Bundeskanzlerin Angela Merkel (CDU) eine Mitschuld an dem islamistischen Terroranschlag auf einem Berliner Weihnachtsmarkt attestierte, bei dem 12 Menschen starben. Wagenknecht nannte hier als [&hellip;]<\/p>\n","protected":false},"author":1,"featured_media":0,"comment_status":"open","ping_status":"open","sticky":false,"template":"","format":"standard","meta":{"footnotes":""},"categories":[977,6],"tags":[700,241,255,168,430,418,1191,269,417,491],"class_list":["post-2430","post","type-post","status-publish","format-standard","hentry","category-konflikteterrormilitaer","category-politik","tag-afd","tag-asyl","tag-die-linke","tag-fluechtlinge","tag-islamischer-staat","tag-islamismus","tag-migranten","tag-sahra-wagenknecht","tag-terroranschlag","tag-terrornetzwerk"],"_links":{"self":[{"href":"https:\/\/www.keinblatt.de\/blog\/wp-json\/wp\/v2\/posts\/2430","targetHints":{"allow":["GET"]}}],"collection":[{"href":"https:\/\/www.keinblatt.de\/blog\/wp-json\/wp\/v2\/posts"}],"about":[{"href":"https:\/\/www.keinblatt.de\/blog\/wp-json\/wp\/v2\/types\/post"}],"author":[{"embeddable":true,"href":"https:\/\/www.keinblatt.de\/blog\/wp-json\/wp\/v2\/users\/1"}],"replies":[{"embeddable":true,"href":"https:\/\/www.keinblatt.de\/blog\/wp-json\/wp\/v2\/comments?post=2430"}],"version-history":[{"count":0,"href":"https:\/\/www.keinblatt.de\/blog\/wp-json\/wp\/v2\/posts\/2430\/revisions"}],"wp:attachment":[{"href":"https:\/\/www.keinblatt.de\/blog\/wp-json\/wp\/v2\/media?parent=2430"}],"wp:term":[{"taxonomy":"category","embeddable":true,"href":"https:\/\/www.keinblatt.de\/blog\/wp-json\/wp\/v2\/categories?post=2430"},{"taxonomy":"post_tag","embeddable":true,"href":"https:\/\/www.keinblatt.de\/blog\/wp-json\/wp\/v2\/tags?post=2430"}],"curies":[{"name":"wp","href":"https:\/\/api.w.org\/{rel}","templated":true}]}}