{"id":2396,"date":"2016-12-13T15:05:36","date_gmt":"2016-12-13T14:05:36","guid":{"rendered":"http:\/\/www.keinblatt.de\/blog\/?p=2396"},"modified":"2019-11-22T00:09:34","modified_gmt":"2019-11-21T23:09:34","slug":"abgeschobene-muessen-ueber-afghanistan-mit-fallschirm-abspringen-weil-lufthansa-wegen-angespannter-sicherheitslage-nicht-landen-darf","status":"publish","type":"post","link":"https:\/\/www.keinblatt.de\/blog\/abgeschobene-muessen-ueber-afghanistan-mit-fallschirm-abspringen-weil-lufthansa-wegen-angespannter-sicherheitslage-nicht-landen-darf\/","title":{"rendered":"Abgeschobene m\u00fcssen \u00fcber Afghanistan mit Fallschirm abspringen, weil Lufthansa wegen Sicherheitslage nicht landen darf"},"content":{"rendered":"<figure id=\"attachment_2397\" aria-describedby=\"caption-attachment-2397\" style=\"width: 197px\" class=\"wp-caption alignleft\"><a href=\"https:\/\/www.keinblatt.de\/blog\/wp-content\/uploads\/2016\/12\/393px-USMC_Paratrooper.jpg\"><img loading=\"lazy\" decoding=\"async\" class=\"size-medium wp-image-2397\" src=\"https:\/\/www.keinblatt.de\/blog\/wp-content\/uploads\/2016\/12\/393px-USMC_Paratrooper-197x300.jpg\" alt=\"Fallschirm\" width=\"197\" height=\"300\" srcset=\"https:\/\/www.keinblatt.de\/blog\/wp-content\/uploads\/2016\/12\/393px-USMC_Paratrooper-197x300.jpg 197w, https:\/\/www.keinblatt.de\/blog\/wp-content\/uploads\/2016\/12\/393px-USMC_Paratrooper.jpg 393w\" sizes=\"auto, (max-width: 197px) 100vw, 197px\" \/><\/a><figcaption id=\"caption-attachment-2397\" class=\"wp-caption-text\">Absprung per Fallschirm. Lizenz: Public Domain<\/figcaption><\/figure>\n<p>Die Bundesregierung h\u00e4lt an ihrer Abschiebepraxis f\u00fcr Fl\u00fcchtlinge aus Afghanistan fest. &#8222;Die Abschiebungen beginnen am Mittwoch und werden danach konsequent fortgesetzt&#8220;, so Bundesinnenminister Thomas de Maizi\u00e8re (CDU), &#8222;wir halten daran fest, Afghanistan ist ein sicheres Herkunftsland.&#8220;<\/p>\n<p>Sorgen bereitet de Maizi\u00e8re nur das Landeverbot in Afghanistan. So d\u00fcrften die gecharterten Lufthansa-Maschinen wegen der angespannten Sicherheitslage nicht in Afghanistan landen. Doch auch daf\u00fcr hat der Bundesinnenminister schon l\u00e4ngst eine L\u00f6sung erarbeitet.<\/p>\n<p>Wie die Redaktion erfuhr, werden die abgeschobenen Fl\u00fcchtlinge per Fallschirm abspringen. Ein Absprung sei nicht gef\u00e4hrlicher, als eine Stra\u00dfe zu \u00fcberqueren, hei\u00dft es aus dem Bundesinnenministerium. Die Fallschirme m\u00fcssen nach dem Absprung von den dann ehemaligen Fl\u00fcchtlingen zusammengefaltet und per Post nach Deutschland zur\u00fcckgesendet werden. &#8222;Wir haben nichts zu verschenken, so ein Fallschirm kostet ein Haufen Geld&#8220;, so ein Vertrauter von de Maizi\u00e8re. Eingesetzt w\u00fcrden schlie\u00dflich nur hochwertige Bundeswehr-Fallschirme. Noch nie habe sich jemand \u00fcber einen defekten Fallschirm beschwert, so der Vertraute.<\/p>\n","protected":false},"excerpt":{"rendered":"<p>Die Bundesregierung h\u00e4lt an ihrer Abschiebepraxis f\u00fcr Fl\u00fcchtlinge aus Afghanistan fest. &#8222;Die Abschiebungen beginnen am Mittwoch und werden danach konsequent fortgesetzt&#8220;, so Bundesinnenminister Thomas de Maizi\u00e8re (CDU), &#8222;wir halten daran fest, Afghanistan ist ein sicheres Herkunftsland.&#8220; Sorgen bereitet de Maizi\u00e8re nur das Landeverbot in Afghanistan. So d\u00fcrften die gecharterten Lufthansa-Maschinen wegen der angespannten Sicherheitslage nicht [&hellip;]<\/p>\n","protected":false},"author":1,"featured_media":0,"comment_status":"open","ping_status":"open","sticky":false,"template":"","format":"standard","meta":{"footnotes":""},"categories":[977,6],"tags":[1195,1309,241,1645,168,1312,1191,250],"class_list":["post-2396","post","type-post","status-publish","format-standard","hentry","category-konflikteterrormilitaer","category-politik","tag-abschiebung","tag-afghanistan","tag-asyl","tag-fallschirm","tag-fluechtlinge","tag-hindukusch","tag-migranten","tag-thomas-de-maiziere"],"_links":{"self":[{"href":"https:\/\/www.keinblatt.de\/blog\/wp-json\/wp\/v2\/posts\/2396","targetHints":{"allow":["GET"]}}],"collection":[{"href":"https:\/\/www.keinblatt.de\/blog\/wp-json\/wp\/v2\/posts"}],"about":[{"href":"https:\/\/www.keinblatt.de\/blog\/wp-json\/wp\/v2\/types\/post"}],"author":[{"embeddable":true,"href":"https:\/\/www.keinblatt.de\/blog\/wp-json\/wp\/v2\/users\/1"}],"replies":[{"embeddable":true,"href":"https:\/\/www.keinblatt.de\/blog\/wp-json\/wp\/v2\/comments?post=2396"}],"version-history":[{"count":0,"href":"https:\/\/www.keinblatt.de\/blog\/wp-json\/wp\/v2\/posts\/2396\/revisions"}],"wp:attachment":[{"href":"https:\/\/www.keinblatt.de\/blog\/wp-json\/wp\/v2\/media?parent=2396"}],"wp:term":[{"taxonomy":"category","embeddable":true,"href":"https:\/\/www.keinblatt.de\/blog\/wp-json\/wp\/v2\/categories?post=2396"},{"taxonomy":"post_tag","embeddable":true,"href":"https:\/\/www.keinblatt.de\/blog\/wp-json\/wp\/v2\/tags?post=2396"}],"curies":[{"name":"wp","href":"https:\/\/api.w.org\/{rel}","templated":true}]}}