{"id":2390,"date":"2016-12-08T23:47:56","date_gmt":"2016-12-08T22:47:56","guid":{"rendered":"http:\/\/www.keinblatt.de\/blog\/?p=2390"},"modified":"2016-12-08T23:58:01","modified_gmt":"2016-12-08T22:58:01","slug":"auch-afd-anhaenger-wollen-erstmals-mehrheitlich-merkel-als-kanzlerin","status":"publish","type":"post","link":"https:\/\/www.keinblatt.de\/blog\/auch-afd-anhaenger-wollen-erstmals-mehrheitlich-merkel-als-kanzlerin\/","title":{"rendered":"Auch AfD-Anh\u00e4nger wollen erstmals mehrheitlich Merkel als Kanzlerin"},"content":{"rendered":"<figure id=\"attachment_1143\" aria-describedby=\"caption-attachment-1143\" style=\"width: 220px\" class=\"wp-caption alignleft\"><a href=\"https:\/\/www.keinblatt.de\/blog\/wp-content\/uploads\/2014\/12\/Angela-Merkel-2014.jpg\"><img loading=\"lazy\" decoding=\"async\" class=\"size-medium wp-image-1143\" src=\"https:\/\/www.keinblatt.de\/blog\/wp-content\/uploads\/2014\/12\/Angela-Merkel-2014-220x300.jpg\" alt=\"Angela Merkel\" width=\"220\" height=\"300\" srcset=\"https:\/\/www.keinblatt.de\/blog\/wp-content\/uploads\/2014\/12\/Angela-Merkel-2014-220x300.jpg 220w, https:\/\/www.keinblatt.de\/blog\/wp-content\/uploads\/2014\/12\/Angela-Merkel-2014.jpg 353w\" sizes=\"auto, (max-width: 220px) 100vw, 220px\" \/><\/a><figcaption id=\"caption-attachment-1143\" class=\"wp-caption-text\">Bundeskanzlerin Angela Merkel (CDU) ist nun partei\u00fcbergreifend unumstritten. Foto: <a href=\"https:\/\/commons.wikimedia.org\/wiki\/File:Angela-Merkel-2014.jpg\" target=\"_blank\">Michael Thaidigsmann<\/a> \/ Lizenz: <a href=\"https:\/\/creativecommons.org\/licenses\/by-sa\/4.0\/deed.en\" target=\"_blank\">CC-BY-SA 4.0<\/a><\/figcaption><\/figure>\n<p>Die Beliebtheitswerte von Bundeskanzlerin Angela Merkel (CDU) steigen im &#8222;Trendbarometer Deutschland&#8220; kontinuierlich an. Eben wurden die Dezember-Werte ver\u00f6ffentlicht. Erstmals will auch eine Mehrheit der AfD-Anh\u00e4nger mehrheitlich (51 %) Angela Merkel weiter im Amt sehen.<\/p>\n<p>Frauke Petry und Beatrix von Storch sind zwar prinzipiell bei AfD-Anh\u00e4ngern beliebt, wurden aber wegen ihrer schrillen Art auf die Pl\u00e4tze verwiesen. Beide erreichen im direkten Vergleich jeweils nur 48 % Zustimmung. Die AfD-Anh\u00e4nger sehen Merkel damit zumindest als das kleinere \u00dcbel.<\/p>\n<p>Fast h\u00e4tte jedoch Bernd H\u00f6cke das Rennen gemacht. Wegen einer Schulterverletzung und einer dadurch notwendig gewordenen dauerhaften Gelenkversteifung kann er jedoch seinen rechten Arm nicht mehr senken und scheidet daher als m\u00f6glicher Bundeskanzler aus.<\/p>\n","protected":false},"excerpt":{"rendered":"<p>Die Beliebtheitswerte von Bundeskanzlerin Angela Merkel (CDU) steigen im &#8222;Trendbarometer Deutschland&#8220; kontinuierlich an. Eben wurden die Dezember-Werte ver\u00f6ffentlicht. Erstmals will auch eine Mehrheit der AfD-Anh\u00e4nger mehrheitlich (51 %) Angela Merkel weiter im Amt sehen. Frauke Petry und Beatrix von Storch sind zwar prinzipiell bei AfD-Anh\u00e4ngern beliebt, wurden aber wegen ihrer schrillen Art auf die Pl\u00e4tze [&hellip;]<\/p>\n","protected":false},"author":1,"featured_media":0,"comment_status":"open","ping_status":"open","sticky":false,"template":"","format":"standard","meta":{"footnotes":""},"categories":[6],"tags":[700,95,1228,1639,1086,1249],"class_list":["post-2390","post","type-post","status-publish","format-standard","hentry","category-politik","tag-afd","tag-angela-merkel","tag-beatrix-von-storch","tag-bernd-hoecke","tag-bundeskanzler","tag-frauke-petry"],"_links":{"self":[{"href":"https:\/\/www.keinblatt.de\/blog\/wp-json\/wp\/v2\/posts\/2390","targetHints":{"allow":["GET"]}}],"collection":[{"href":"https:\/\/www.keinblatt.de\/blog\/wp-json\/wp\/v2\/posts"}],"about":[{"href":"https:\/\/www.keinblatt.de\/blog\/wp-json\/wp\/v2\/types\/post"}],"author":[{"embeddable":true,"href":"https:\/\/www.keinblatt.de\/blog\/wp-json\/wp\/v2\/users\/1"}],"replies":[{"embeddable":true,"href":"https:\/\/www.keinblatt.de\/blog\/wp-json\/wp\/v2\/comments?post=2390"}],"version-history":[{"count":0,"href":"https:\/\/www.keinblatt.de\/blog\/wp-json\/wp\/v2\/posts\/2390\/revisions"}],"wp:attachment":[{"href":"https:\/\/www.keinblatt.de\/blog\/wp-json\/wp\/v2\/media?parent=2390"}],"wp:term":[{"taxonomy":"category","embeddable":true,"href":"https:\/\/www.keinblatt.de\/blog\/wp-json\/wp\/v2\/categories?post=2390"},{"taxonomy":"post_tag","embeddable":true,"href":"https:\/\/www.keinblatt.de\/blog\/wp-json\/wp\/v2\/tags?post=2390"}],"curies":[{"name":"wp","href":"https:\/\/api.w.org\/{rel}","templated":true}]}}