{"id":2310,"date":"2016-11-01T21:52:04","date_gmt":"2016-11-01T20:52:04","guid":{"rendered":"http:\/\/www.keinblatt.de\/blog\/?p=2310"},"modified":"2016-11-01T22:11:20","modified_gmt":"2016-11-01T21:11:20","slug":"erdogan-will-weiteres-kriterium-fuer-eu-mitgliedschaft-erfuellen-tuerkei-soll-gebiete-in-europa-erhalten","status":"publish","type":"post","link":"https:\/\/www.keinblatt.de\/blog\/erdogan-will-weiteres-kriterium-fuer-eu-mitgliedschaft-erfuellen-tuerkei-soll-gebiete-in-europa-erhalten\/","title":{"rendered":"Erdo\u011fan will weiteres Kriterium f\u00fcr EU-Mitgliedschaft erf\u00fcllen: T\u00fcrkei soll Gebiete in Europa erhalten"},"content":{"rendered":"<figure id=\"attachment_2311\" aria-describedby=\"caption-attachment-2311\" style=\"width: 300px\" class=\"wp-caption alignleft\"><a href=\"https:\/\/www.keinblatt.de\/blog\/wp-content\/uploads\/2016\/11\/Ottoman_empire_de.svg_.jpg\"><img loading=\"lazy\" decoding=\"async\" class=\"size-medium wp-image-2311\" src=\"https:\/\/www.keinblatt.de\/blog\/wp-content\/uploads\/2016\/11\/Ottoman_empire_de.svg_-300x250.jpg\" alt=\"Osmanisches Reich\" width=\"300\" height=\"250\" srcset=\"https:\/\/www.keinblatt.de\/blog\/wp-content\/uploads\/2016\/11\/Ottoman_empire_de.svg_-300x250.jpg 300w, https:\/\/www.keinblatt.de\/blog\/wp-content\/uploads\/2016\/11\/Ottoman_empire_de.svg_-768x640.jpg 768w, https:\/\/www.keinblatt.de\/blog\/wp-content\/uploads\/2016\/11\/Ottoman_empire_de.svg_-1024x853.jpg 1024w, https:\/\/www.keinblatt.de\/blog\/wp-content\/uploads\/2016\/11\/Ottoman_empire_de.svg_.jpg 1229w\" sizes=\"auto, (max-width: 300px) 100vw, 300px\" \/><\/a><figcaption id=\"caption-attachment-2311\" class=\"wp-caption-text\">Zur\u00fcck zu alter Gr\u00f6\u00dfe. Osmanisches Reich von 1481 bis 1683. Foto: <a href=\"https:\/\/commons.wikimedia.org\/wiki\/File:Ottoman_empire_de.svg\" target=\"_blank\">Andr\u00e9 Koehne \/ Furfur<\/a> \/ Lizenz: <a href=\"https:\/\/creativecommons.org\/licenses\/by-sa\/2.5\/deed.en\" target=\"_blank\">CC BY-SA 2.5<\/a><\/figcaption><\/figure>\n<p>Osmanophobiker werfen dem t\u00fcrkischen Pr\u00e4sident Erdo\u011fan immer wieder vor, dass dieser zwar die EU-Vollmitgliedschaft anstrebe, aber daf\u00fcr nichts unternehmen wolle. Ganz im Gegenteil, durch S\u00e4uberungsaktionen und durch die geplante Wiedereinf\u00fchrung der Todesstrafe entfernte sich die T\u00fcrkei sogar von der Rechtsstaatlichkeit, was eine EU-Mitgliedschaft faktisch ausschlie\u00dfe. Doch es sind ungerechte Vorurteile. Tats\u00e4chlich will Erdo\u011fan s\u00e4mtliche Kriterien f\u00fcr die EU-Vollmitgliedschaft kompromisslos erf\u00fcllen.<\/p>\n<p>Einer der gr\u00f6\u00dften Knackpunkte ist, dass nur ein verschwindend kleiner Teil der T\u00fcrkei auf dem europ\u00e4ischen Kontinent liegt. Lediglich Ostthrakien auf der Balkanhalbinsel befindet sich auf dem europ\u00e4ischen Kontinent, das sind nicht einmal 3 Prozent des t\u00fcrkischen Staatsterritoriums. Der Rest der T\u00fcrkei geh\u00f6rt zu Vorderasien.<\/p>\n<p>Der fehlende geographische Bezug zu Europa schlie\u00dft nach allgemeiner Auffassung eine Mitgliedschaft in der EU aus, denn <em>EU<\/em> hei\u00dft immer noch &#8222;Europ\u00e4ische Union&#8220;. Sonst k\u00f6nnte ja demn\u00e4chst S\u00fcdafrika EU-Mitglied werden.<\/p>\n<h3>EU-Beitrittsverhandlungen erhalten neuen Schwung<\/h3>\n<p>Dieses Kriterium will Erdo\u011fan durch territoriale Anspr\u00fcche in Europa erf\u00fcllen. <a href=\"https:\/\/kurier.at\/politik\/ausland\/festnahmen-bei-cumhuriyet-erdogan-so-sieht-die-angst-aus\/228.239.456\" target=\"_blank\">Konkret will Erdo\u011fan sein Staatsterritorium nach Europa ausdehnen. Unter anderem sollen Gebiete in Bulgarien und Griechenland ins osmanische Reich in den Grenzen von 1920 zur\u00fcckkehren. Folgerichtig zeigt das t\u00fcrkische Staatsfernsehen zeigt bereits solche Karten<\/a>.<\/p>\n<p>Unterst\u00fctzung erh\u00e4lt Erdo\u011fan vom Pr\u00e4sidenten des Europ\u00e4ischen Parlaments, Martin Schulz (SPD). Dieser sagte unserem Blatt: &#8222;Wir sind sehr erfreut, dass der sehr verehrte Herr Erdo\u011fan nun auch dieses EU-Kriterium erf\u00fcllen wird. Stellen Sie sich vor, die T\u00fcrken stehen wieder vor Wien, dann kann man ja nun wirklich nicht sagen, die T\u00fcrkei liege gar nicht in Europa. Wir sind sehr zufrieden mit Herrn Erdo\u011fan. Die EU-Beitrittsverhandlungen k\u00f6nnten bald mit einem f\u00fcr alle Beteiligten sehr positiven Ergebnis ein Ende finden.&#8220;<img loading=\"lazy\" decoding=\"async\" class=\"vg\" src=\"https:\/\/ssl-vg03.met.vgwort.de\/na\/5361dfc88d14456a86a4df1fbc9a84fd\" alt=\"\" width=\"1\" height=\"1\" \/><\/p>\n","protected":false},"excerpt":{"rendered":"<p>Osmanophobiker werfen dem t\u00fcrkischen Pr\u00e4sident Erdo\u011fan immer wieder vor, dass dieser zwar die EU-Vollmitgliedschaft anstrebe, aber daf\u00fcr nichts unternehmen wolle. Ganz im Gegenteil, durch S\u00e4uberungsaktionen und durch die geplante Wiedereinf\u00fchrung der Todesstrafe entfernte sich die T\u00fcrkei sogar von der Rechtsstaatlichkeit, was eine EU-Mitgliedschaft faktisch ausschlie\u00dfe. Doch es sind ungerechte Vorurteile. Tats\u00e4chlich will Erdo\u011fan s\u00e4mtliche Kriterien [&hellip;]<\/p>\n","protected":false},"author":1,"featured_media":0,"comment_status":"open","ping_status":"open","sticky":false,"template":"","format":"standard","meta":{"footnotes":""},"categories":[23,977,6],"tags":[1592,108,1595,60,1591,204,1594,277,473,1593],"class_list":["post-2310","post","type-post","status-publish","format-standard","hentry","category-historisches","category-konflikteterrormilitaer","category-politik","tag-bulgarien","tag-eu","tag-eu-beitrittsverhandlungen","tag-griechenland","tag-martin-schulz","tag-oesterreich","tag-ostthrakien","tag-recep-tayyip-erdogan","tag-tuerkei","tag-wien"],"_links":{"self":[{"href":"https:\/\/www.keinblatt.de\/blog\/wp-json\/wp\/v2\/posts\/2310","targetHints":{"allow":["GET"]}}],"collection":[{"href":"https:\/\/www.keinblatt.de\/blog\/wp-json\/wp\/v2\/posts"}],"about":[{"href":"https:\/\/www.keinblatt.de\/blog\/wp-json\/wp\/v2\/types\/post"}],"author":[{"embeddable":true,"href":"https:\/\/www.keinblatt.de\/blog\/wp-json\/wp\/v2\/users\/1"}],"replies":[{"embeddable":true,"href":"https:\/\/www.keinblatt.de\/blog\/wp-json\/wp\/v2\/comments?post=2310"}],"version-history":[{"count":0,"href":"https:\/\/www.keinblatt.de\/blog\/wp-json\/wp\/v2\/posts\/2310\/revisions"}],"wp:attachment":[{"href":"https:\/\/www.keinblatt.de\/blog\/wp-json\/wp\/v2\/media?parent=2310"}],"wp:term":[{"taxonomy":"category","embeddable":true,"href":"https:\/\/www.keinblatt.de\/blog\/wp-json\/wp\/v2\/categories?post=2310"},{"taxonomy":"post_tag","embeddable":true,"href":"https:\/\/www.keinblatt.de\/blog\/wp-json\/wp\/v2\/tags?post=2310"}],"curies":[{"name":"wp","href":"https:\/\/api.w.org\/{rel}","templated":true}]}}