{"id":2257,"date":"2016-10-03T15:36:41","date_gmt":"2016-10-03T13:36:41","guid":{"rendered":"http:\/\/www.keinblatt.de\/blog\/?p=2257"},"modified":"2016-10-03T16:13:03","modified_gmt":"2016-10-03T14:13:03","slug":"zusammenarbeit-afdcsu-angestrebt-gemeinsamer-kanzlerkandidat-wahlversprechen-freibier-fuer-alle","status":"publish","type":"post","link":"https:\/\/www.keinblatt.de\/blog\/zusammenarbeit-afdcsu-angestrebt-gemeinsamer-kanzlerkandidat-wahlversprechen-freibier-fuer-alle\/","title":{"rendered":"Zusammenarbeit AfD+CSU angestrebt \u2013 gemeinsamer Kanzlerkandidat \u2013 Wahlversprechen &#8222;Freibier f\u00fcr alle&#8220;"},"content":{"rendered":"<figure id=\"attachment_2258\" aria-describedby=\"caption-attachment-2258\" style=\"width: 300px\" class=\"wp-caption alignleft\"><a href=\"https:\/\/www.keinblatt.de\/blog\/wp-content\/uploads\/2016\/10\/oktoberfest-955875_960_720.jpg\"><img loading=\"lazy\" decoding=\"async\" class=\"size-medium wp-image-2258\" src=\"https:\/\/www.keinblatt.de\/blog\/wp-content\/uploads\/2016\/10\/oktoberfest-955875_960_720-300x228.jpg\" alt=\"Freibier f\u00fcr alle! Lizenz: Public Domain\" width=\"300\" height=\"228\" srcset=\"https:\/\/www.keinblatt.de\/blog\/wp-content\/uploads\/2016\/10\/oktoberfest-955875_960_720-300x228.jpg 300w, https:\/\/www.keinblatt.de\/blog\/wp-content\/uploads\/2016\/10\/oktoberfest-955875_960_720-768x583.jpg 768w, https:\/\/www.keinblatt.de\/blog\/wp-content\/uploads\/2016\/10\/oktoberfest-955875_960_720.jpg 949w\" sizes=\"auto, (max-width: 300px) 100vw, 300px\" \/><\/a><figcaption id=\"caption-attachment-2258\" class=\"wp-caption-text\">Freibier f\u00fcr alle! Lizenz: Public Domain<\/figcaption><\/figure>\n<p>Im Rahmen der Feierlichkeiten zur Deutschen Einheit haben Sprecher von CSU und AfD erkl\u00e4rt, in Zukunft deutlich intensiver zusammenarbeiten zu wollen.<\/p>\n<p>So habe man festgestellt, dass man nicht nur die gleiche Leitfarbe habe (Blau), sondern sich das Wahlprogramm neben der Optik auch inhaltlich zum Verwechseln \u00e4hnlich sehe.<\/p>\n<h3>Gemeinsames Wahlprogramm \u2013 gemeinsamer Kanzlerkandidat<\/h3>\n<p>Die Zusammenarbeit sieht ein gemeinsames Wahlprogramm f\u00fcr die Bundestagswahl 2017 vor. Es soll ein Wahlb\u00fcndnis geschlossen werden. Auch wolle man einen gemeinsamen Kanzlerkandidaten aufstellen. Als wahrscheinlich gilt, dass es Horst Seehofer machen werde, aber auch Andreas Scheuer und Frauke Petry haben ihren Hut in den Ring geworfen, da sie mehr Verantwortung f\u00fcr ihr Vaterland \u00fcbernehmen m\u00f6chten.<\/p>\n<p>Als Zugest\u00e4ndnis wird die AfD den ohnehin unbedeutenden Landesverband Bayern aufl\u00f6sen bzw. mit der CSU zusammenf\u00fchren.<\/p>\n<h3>&#8222;Freibier f\u00fcr alle&#8220; statt &#8222;Maut f\u00fcr Ausl\u00e4nder&#8220;<\/h3>\n<p>Das wichtigste Wahlversprechen f\u00fcr die Bundestagswahl wird &#8222;Freibier f\u00fcr alle&#8220;. Horst Seehofer wei\u00df, dass dieses Versprechen funktioniert. Strategen in CSU und AfD sehen darin eine Umsetzung von &#8222;Brot und Spiele&#8220;, es sei dann eine geschickte Weiterentwicklung hin zu &#8222;fl\u00fcssiges Brot und Spiele&#8220;. Der Vorteil sei, die EU k\u00f6nne hier nicht intervenieren wie damals bei der Maut, denn der neue Plan sei ein Angebot, das sich an alle richte und nicht nur an Nicht-Ausl\u00e4nder.<\/p>\n<h3>Arbeitsgruppe &#8222;Homosexuelle Imame in der AfD&#8220; kommt<\/h3>\n<p>Als interessant darf auch bewertet werden, dass die AfD in Zukunft weiter auch denjenigen eine Heimat geben will, die von ihrer Religion, sexuellen Neigung und anderen Merkmalen auf den ersten Blick der AfD-Agenda widersprechen. &#8222;F\u00fcr Konservative ist immer Platz bei uns&#8220;, erkl\u00e4rte Frauke Petry diesen ungew\u00f6hnlichen Schritt. Bislang hatte die AfD sogar mit Homosexuellen geworben, die sich zur AfD bekannten. So gebe es auch Homosexuelle, die trotz ihrer Neigung das klassische Familienbild st\u00e4rken wollen. &#8222;Solche Menschen sind bei uns willkommen&#8220;, so Petry. Man werde das konsequent weiter ausbauen. In Zukunft werde es daher eine Arbeitsgruppe &#8222;Homosexuelle Imame in der AfD&#8220; geben.<img loading=\"lazy\" decoding=\"async\" class=\"vg\" src=\"https:\/\/ssl-vg03.met.vgwort.de\/na\/15e1e5c1e0994452914f286c3b6cecc3\" alt=\"\" width=\"1\" height=\"1\" \/><\/p>\n","protected":false},"excerpt":{"rendered":"<p>Im Rahmen der Feierlichkeiten zur Deutschen Einheit haben Sprecher von CSU und AfD erkl\u00e4rt, in Zukunft deutlich intensiver zusammenarbeiten zu wollen. So habe man festgestellt, dass man nicht nur die gleiche Leitfarbe habe (Blau), sondern sich das Wahlprogramm neben der Optik auch inhaltlich zum Verwechseln \u00e4hnlich sehe. Gemeinsames Wahlprogramm \u2013 gemeinsamer Kanzlerkandidat Die Zusammenarbeit sieht [&hellip;]<\/p>\n","protected":false},"author":1,"featured_media":0,"comment_status":"open","ping_status":"open","sticky":false,"template":"","format":"standard","meta":{"footnotes":""},"categories":[10,2,6],"tags":[700,864,244,124,183,394,108,1249,280,240,1210,551,418,158,114,1545],"class_list":["post-2257","post","type-post","status-publish","format-standard","hentry","category-drogen","category-gesellschaftliches","category-politik","tag-afd","tag-alkohol","tag-andreas-scheuer","tag-bier","tag-bundestagswahl","tag-csu","tag-eu","tag-frauke-petry","tag-homosexualitaet","tag-horst-seehofer","tag-imam","tag-islam","tag-islamismus","tag-kanzlerkandidat","tag-maut","tag-tag-der-deutschen-einheit"],"_links":{"self":[{"href":"https:\/\/www.keinblatt.de\/blog\/wp-json\/wp\/v2\/posts\/2257","targetHints":{"allow":["GET"]}}],"collection":[{"href":"https:\/\/www.keinblatt.de\/blog\/wp-json\/wp\/v2\/posts"}],"about":[{"href":"https:\/\/www.keinblatt.de\/blog\/wp-json\/wp\/v2\/types\/post"}],"author":[{"embeddable":true,"href":"https:\/\/www.keinblatt.de\/blog\/wp-json\/wp\/v2\/users\/1"}],"replies":[{"embeddable":true,"href":"https:\/\/www.keinblatt.de\/blog\/wp-json\/wp\/v2\/comments?post=2257"}],"version-history":[{"count":0,"href":"https:\/\/www.keinblatt.de\/blog\/wp-json\/wp\/v2\/posts\/2257\/revisions"}],"wp:attachment":[{"href":"https:\/\/www.keinblatt.de\/blog\/wp-json\/wp\/v2\/media?parent=2257"}],"wp:term":[{"taxonomy":"category","embeddable":true,"href":"https:\/\/www.keinblatt.de\/blog\/wp-json\/wp\/v2\/categories?post=2257"},{"taxonomy":"post_tag","embeddable":true,"href":"https:\/\/www.keinblatt.de\/blog\/wp-json\/wp\/v2\/tags?post=2257"}],"curies":[{"name":"wp","href":"https:\/\/api.w.org\/{rel}","templated":true}]}}