{"id":2237,"date":"2016-09-13T22:11:09","date_gmt":"2016-09-13T20:11:09","guid":{"rendered":"http:\/\/www.keinblatt.de\/blog\/?p=2237"},"modified":"2016-09-13T22:12:17","modified_gmt":"2016-09-13T20:12:17","slug":"oesterreich-wahl-wird-verschoben-wegen-hoerfehler-schleimspur-statt-leimspur-auf-kuverts-angebracht","status":"publish","type":"post","link":"https:\/\/www.keinblatt.de\/blog\/oesterreich-wahl-wird-verschoben-wegen-hoerfehler-schleimspur-statt-leimspur-auf-kuverts-angebracht\/","title":{"rendered":"\u00d6sterreich: Wahl wird verschoben \u2013 wegen H\u00f6rfehler &#8222;Schleimspur&#8220; statt &#8222;Leimspur&#8220; auf Kuverts angebracht"},"content":{"rendered":"<figure id=\"attachment_2238\" aria-describedby=\"caption-attachment-2238\" style=\"width: 300px\" class=\"wp-caption alignleft\"><a href=\"https:\/\/www.keinblatt.de\/blog\/wp-content\/uploads\/2016\/09\/Schleimspur_einer_Nacktschnecke_20150503_143923.jpg\"><img loading=\"lazy\" decoding=\"async\" class=\"size-medium wp-image-2238\" src=\"https:\/\/www.keinblatt.de\/blog\/wp-content\/uploads\/2016\/09\/Schleimspur_einer_Nacktschnecke_20150503_143923-300x169.jpg\" alt=\"Schleimspur\" width=\"300\" height=\"169\" srcset=\"https:\/\/www.keinblatt.de\/blog\/wp-content\/uploads\/2016\/09\/Schleimspur_einer_Nacktschnecke_20150503_143923-300x169.jpg 300w, https:\/\/www.keinblatt.de\/blog\/wp-content\/uploads\/2016\/09\/Schleimspur_einer_Nacktschnecke_20150503_143923-768x432.jpg 768w, https:\/\/www.keinblatt.de\/blog\/wp-content\/uploads\/2016\/09\/Schleimspur_einer_Nacktschnecke_20150503_143923.jpg 800w\" sizes=\"auto, (max-width: 300px) 100vw, 300px\" \/><\/a><figcaption id=\"caption-attachment-2238\" class=\"wp-caption-text\">Schnecke mit Schleimspur in der Natur. Lizenz: Public Domain<\/figcaption><\/figure>\n<p>Was f\u00fcr eine Peinlichkeit! Die Wiederholung der Wahl zum \u00f6sterreichischen Bundespr\u00e4sidenten muss verschoben werden \u2013 vom 2. Oktober 2016 auf den 4. Dezember 2016. Der Grund ist, dass die Briefkuverts f\u00fcr die Briefwahlscheine nach dem Zukleben nicht geschlossen bleiben. Eine Manipulation der Wahl schien daher nicht ausgeschlossen.<\/p>\n<h3>Fataler H\u00f6rfehler!<\/h3>\n<p>Inzwischen wurde bekannt, was zu dem Debakel gef\u00fchrt hat: Bei der telefonischen Bestellung der Kuverts durch die Bundeswahlbeh\u00f6rde hat man in der ausf\u00fchrenden Privatdruckerei &#8222;Schleimspur&#8220; statt &#8222;Leimspur&#8220; verstanden. In der Druckerei hatte man sich ein wenig gewundert, aber dann anstandslos 20 F\u00e4sser 99,5%igen Schneckenschleim bestellt und verarbeitet.<\/p>\n<p>Der Schneckenschleim hat durchaus eine klebende Wirkung, die aber leider nicht von Dauer ist.<\/p>\n<h3>Schn\u00fcffeln \u2013 Klebstoffsucht!<\/h3>\n<p>Zu allem \u00dcbel wurden jetzt auch noch einige Mitarbeiter in der Bundeswahlbeh\u00f6rde s\u00fcchtig, nachdem sie sich n\u00e4her mit verschiedenen Klebstoffen besch\u00e4ftigt und zu lange an ihnen geschn\u00fcffelt hatten. Nun m\u00fcssen einige der besten Mitarbeiter zur Entziehungskur. Ohne deren Expertise scheint jedoch unklar, ob die Wahl professionell abgewickelt werden kann oder ggf. erneut verschoben und\/oder wiederholt werden muss. Um das zu verhindern, wird \u00fcberlegt, ausnahmsweise Piefke-Expertise in Gestalt von ZDF-heute Claus Kleber anzufordern.<\/p>\n","protected":false},"excerpt":{"rendered":"<p>Was f\u00fcr eine Peinlichkeit! Die Wiederholung der Wahl zum \u00f6sterreichischen Bundespr\u00e4sidenten muss verschoben werden \u2013 vom 2. Oktober 2016 auf den 4. Dezember 2016. Der Grund ist, dass die Briefkuverts f\u00fcr die Briefwahlscheine nach dem Zukleben nicht geschlossen bleiben. Eine Manipulation der Wahl schien daher nicht ausgeschlossen. Fataler H\u00f6rfehler! Inzwischen wurde bekannt, was zu dem [&hellip;]<\/p>\n","protected":false},"author":1,"featured_media":0,"comment_status":"open","ping_status":"open","sticky":false,"template":"","format":"standard","meta":{"footnotes":""},"categories":[10,13,6,17],"tags":[1356,1422,1323,1533,1531,1322,204,1532],"class_list":["post-2237","post","type-post","status-publish","format-standard","hentry","category-drogen","category-medizin","category-politik","category-technik","tag-alexander-van-der-bellen","tag-briefwahl","tag-bundespraesident-oesterreich","tag-claus-kleber","tag-klebstoff","tag-norbert-hofer","tag-oesterreich","tag-schnecken"],"_links":{"self":[{"href":"https:\/\/www.keinblatt.de\/blog\/wp-json\/wp\/v2\/posts\/2237","targetHints":{"allow":["GET"]}}],"collection":[{"href":"https:\/\/www.keinblatt.de\/blog\/wp-json\/wp\/v2\/posts"}],"about":[{"href":"https:\/\/www.keinblatt.de\/blog\/wp-json\/wp\/v2\/types\/post"}],"author":[{"embeddable":true,"href":"https:\/\/www.keinblatt.de\/blog\/wp-json\/wp\/v2\/users\/1"}],"replies":[{"embeddable":true,"href":"https:\/\/www.keinblatt.de\/blog\/wp-json\/wp\/v2\/comments?post=2237"}],"version-history":[{"count":0,"href":"https:\/\/www.keinblatt.de\/blog\/wp-json\/wp\/v2\/posts\/2237\/revisions"}],"wp:attachment":[{"href":"https:\/\/www.keinblatt.de\/blog\/wp-json\/wp\/v2\/media?parent=2237"}],"wp:term":[{"taxonomy":"category","embeddable":true,"href":"https:\/\/www.keinblatt.de\/blog\/wp-json\/wp\/v2\/categories?post=2237"},{"taxonomy":"post_tag","embeddable":true,"href":"https:\/\/www.keinblatt.de\/blog\/wp-json\/wp\/v2\/tags?post=2237"}],"curies":[{"name":"wp","href":"https:\/\/api.w.org\/{rel}","templated":true}]}}