{"id":2205,"date":"2016-08-26T15:45:07","date_gmt":"2016-08-26T13:45:07","guid":{"rendered":"http:\/\/www.keinblatt.de\/blog\/?p=2205"},"modified":"2020-02-26T02:17:18","modified_gmt":"2020-02-26T01:17:18","slug":"mueller-ber-laengst-geoeffnet-nur-zu-und-aussteigen-noch-nicht-moeglich","status":"publish","type":"post","link":"https:\/\/www.keinblatt.de\/blog\/mueller-ber-laengst-geoeffnet-nur-zu-und-aussteigen-noch-nicht-moeglich\/","title":{"rendered":"M\u00fcller: BER l\u00e4ngst er\u00f6ffnet, nur Zu- und Aussteigen noch nicht m\u00f6glich"},"content":{"rendered":"<figure id=\"attachment_2206\" aria-describedby=\"caption-attachment-2206\" style=\"width: 300px\" class=\"wp-caption alignleft\"><a href=\"https:\/\/www.keinblatt.de\/blog\/wp-content\/uploads\/2016\/08\/20150905_Michael_M\u00fcller_IMG_0330_by_sebaso.jpg\"><img loading=\"lazy\" decoding=\"async\" class=\"size-medium wp-image-2206\" src=\"https:\/\/www.keinblatt.de\/blog\/wp-content\/uploads\/2016\/08\/20150905_Michael_M\u00fcller_IMG_0330_by_sebaso-300x200.jpg\" alt=\"Michael M\u00fcller\" width=\"300\" height=\"200\" srcset=\"https:\/\/www.keinblatt.de\/blog\/wp-content\/uploads\/2016\/08\/20150905_Michael_M\u00fcller_IMG_0330_by_sebaso-300x200.jpg 300w, https:\/\/www.keinblatt.de\/blog\/wp-content\/uploads\/2016\/08\/20150905_Michael_M\u00fcller_IMG_0330_by_sebaso-768x512.jpg 768w, https:\/\/www.keinblatt.de\/blog\/wp-content\/uploads\/2016\/08\/20150905_Michael_M\u00fcller_IMG_0330_by_sebaso.jpg 800w\" sizes=\"auto, (max-width: 300px) 100vw, 300px\" \/><\/a><figcaption id=\"caption-attachment-2206\" class=\"wp-caption-text\">Berlins Regierender B\u00fcrgermeister Michael M\u00fcller (SPD). Foto: <a href=\"https:\/\/de.wikipedia.org\/wiki\/Datei:20150905_Michael_M%C3%BCller_IMG_0330_by_sebaso.jpg\" target=\"_blank\">Sebaso<\/a> \/ Lizenz: <a href=\"https:\/\/creativecommons.org\/licenses\/by-sa\/4.0\/deed.de\" target=\"_blank\">CC BY-SA 4.0<\/a><\/figcaption><\/figure>\n<figure id=\"attachment_2207\" aria-describedby=\"caption-attachment-2207\" style=\"width: 300px\" class=\"wp-caption alignright\"><a href=\"https:\/\/www.keinblatt.de\/blog\/wp-content\/uploads\/2016\/08\/800px-Skydiver.jpg\"><img loading=\"lazy\" decoding=\"async\" class=\"size-medium wp-image-2207\" src=\"https:\/\/www.keinblatt.de\/blog\/wp-content\/uploads\/2016\/08\/800px-Skydiver-300x225.jpg\" alt=\"Fallschirmsprung\" width=\"300\" height=\"225\" srcset=\"https:\/\/www.keinblatt.de\/blog\/wp-content\/uploads\/2016\/08\/800px-Skydiver-300x225.jpg 300w, https:\/\/www.keinblatt.de\/blog\/wp-content\/uploads\/2016\/08\/800px-Skydiver-768x576.jpg 768w, https:\/\/www.keinblatt.de\/blog\/wp-content\/uploads\/2016\/08\/800px-Skydiver.jpg 800w\" sizes=\"auto, (max-width: 300px) 100vw, 300px\" \/><\/a><figcaption id=\"caption-attachment-2207\" class=\"wp-caption-text\">Ein Fluggast ist \u00fcber dem BER ausgestiegen. Foto: <a href=\"https:\/\/commons.wikimedia.org\/wiki\/File:Skydiver.jpg\" target=\"_blank\">R\u00f8ed<\/a> \/ Lizenz: <a href=\"https:\/\/creativecommons.org\/licenses\/by-sa\/3.0\/deed.en\" target=\"_blank\">CC BY-SA 3.0<\/a><\/figcaption><\/figure>\n<p>Lange Zeit war es ruhig um den Berliner Hauptstadtflughafen BER. Doch jetzt regt sich wieder verst\u00e4rkt Kritik, dass der mittlerweile dreiundzwanzigste Er\u00f6ffnungstermin 2018 wom\u00f6glich nicht eingehalten werden k\u00f6nne. Berlins Regierender B\u00fcrgermeister Michael M\u00fcller (SPD) hat nun die Schnauze voll. Der BER sei bereits seit Jahren an die Infrastruktur angeschlossen, der Luftraum \u00fcber ihm sei voll nutzbar, so M\u00fcller. Der Flughafen sei er\u00f6ffnet. Nur ein Zu- und Aussteigen sei derzeit noch nicht bzw. nur unter verringertem Komfort am BER m\u00f6glich (siehe Foto), daf\u00fcr aber an anderen Punkten in Berlin.<\/p>\n<p>&#8222;Wenn Sie eine Bahnstrecke haben und einer der Bahnh\u00f6fe ist noch nicht fertiggestellt, w\u00fcrden Sie auch nicht behaupten, die Bahnstrecke sei nicht er\u00f6ffnet. Aber bei der SPD kann man es ja machen und ihr einen Pannen- und Chaos-Flughafen unterstellen. Tats\u00e4chlich ist der Flughafen einwandfrei \u00fcberfliegbar, die Luft sogar sehr gut&#8220;, so M\u00fcller. Selbst das Wetter mache keine Probleme. So habe der Luftraum seit Er\u00f6ffnung der Flugstrecke zum BER noch nie wetterbedingt geschlossen werden m\u00fcssen, f\u00fchrt der B\u00fcrgermeister aus. &#8222;Das ist absoluter Rekord. Wenn jemand noch einmal behauptet, der BER sei noch nicht er\u00f6ffnet, den lasse ich abmahnen. Und zwar mit Kostennote!&#8220;, droht M\u00fcller.<\/p>\n","protected":false},"excerpt":{"rendered":"<p>Lange Zeit war es ruhig um den Berliner Hauptstadtflughafen BER. Doch jetzt regt sich wieder verst\u00e4rkt Kritik, dass der mittlerweile dreiundzwanzigste Er\u00f6ffnungstermin 2018 wom\u00f6glich nicht eingehalten werden k\u00f6nne. Berlins Regierender B\u00fcrgermeister Michael M\u00fcller (SPD) hat nun die Schnauze voll. Der BER sei bereits seit Jahren an die Infrastruktur angeschlossen, der Luftraum \u00fcber ihm sei voll [&hellip;]<\/p>\n","protected":false},"author":1,"featured_media":0,"comment_status":"open","ping_status":"open","sticky":false,"template":"","format":"standard","meta":{"footnotes":""},"categories":[6,9],"tags":[403,226,405,407],"class_list":["post-2205","post","type-post","status-publish","format-standard","hentry","category-politik","category-verkehr","tag-ber","tag-berlin","tag-hauptstadtflughafen","tag-michael-mueller"],"_links":{"self":[{"href":"https:\/\/www.keinblatt.de\/blog\/wp-json\/wp\/v2\/posts\/2205","targetHints":{"allow":["GET"]}}],"collection":[{"href":"https:\/\/www.keinblatt.de\/blog\/wp-json\/wp\/v2\/posts"}],"about":[{"href":"https:\/\/www.keinblatt.de\/blog\/wp-json\/wp\/v2\/types\/post"}],"author":[{"embeddable":true,"href":"https:\/\/www.keinblatt.de\/blog\/wp-json\/wp\/v2\/users\/1"}],"replies":[{"embeddable":true,"href":"https:\/\/www.keinblatt.de\/blog\/wp-json\/wp\/v2\/comments?post=2205"}],"version-history":[{"count":0,"href":"https:\/\/www.keinblatt.de\/blog\/wp-json\/wp\/v2\/posts\/2205\/revisions"}],"wp:attachment":[{"href":"https:\/\/www.keinblatt.de\/blog\/wp-json\/wp\/v2\/media?parent=2205"}],"wp:term":[{"taxonomy":"category","embeddable":true,"href":"https:\/\/www.keinblatt.de\/blog\/wp-json\/wp\/v2\/categories?post=2205"},{"taxonomy":"post_tag","embeddable":true,"href":"https:\/\/www.keinblatt.de\/blog\/wp-json\/wp\/v2\/tags?post=2205"}],"curies":[{"name":"wp","href":"https:\/\/api.w.org\/{rel}","templated":true}]}}