{"id":2190,"date":"2016-08-19T18:56:01","date_gmt":"2016-08-19T16:56:01","guid":{"rendered":"http:\/\/www.keinblatt.de\/blog\/?p=2190"},"modified":"2016-08-19T18:57:34","modified_gmt":"2016-08-19T16:57:34","slug":"bundesregierung-verbietet-burda-das-aus-fuer-focus-bunte-superillu","status":"publish","type":"post","link":"https:\/\/www.keinblatt.de\/blog\/bundesregierung-verbietet-burda-das-aus-fuer-focus-bunte-superillu\/","title":{"rendered":"Bundesregierung verbietet Burda \u2013 das Aus f\u00fcr &#8222;Focus&#8220;, &#8222;Bunte&#8220;, &#8222;Superillu&#8220;"},"content":{"rendered":"<figure id=\"attachment_2191\" aria-describedby=\"caption-attachment-2191\" style=\"width: 300px\" class=\"wp-caption alignleft\"><a href=\"https:\/\/www.keinblatt.de\/blog\/wp-content\/uploads\/2016\/08\/800px-Offenburg_Burda.jpg\"><img loading=\"lazy\" decoding=\"async\" class=\"size-medium wp-image-2191\" src=\"https:\/\/www.keinblatt.de\/blog\/wp-content\/uploads\/2016\/08\/800px-Offenburg_Burda-300x225.jpg\" alt=\"Burda\" width=\"300\" height=\"225\" srcset=\"https:\/\/www.keinblatt.de\/blog\/wp-content\/uploads\/2016\/08\/800px-Offenburg_Burda-300x225.jpg 300w, https:\/\/www.keinblatt.de\/blog\/wp-content\/uploads\/2016\/08\/800px-Offenburg_Burda-768x576.jpg 768w, https:\/\/www.keinblatt.de\/blog\/wp-content\/uploads\/2016\/08\/800px-Offenburg_Burda.jpg 800w\" sizes=\"auto, (max-width: 300px) 100vw, 300px\" \/><\/a><figcaption id=\"caption-attachment-2191\" class=\"wp-caption-text\">Burda-Geb\u00e4ude in Offenburg. Foto: <a href=\"https:\/\/commons.wikimedia.org\/wiki\/File:Offenburg_Burda.jpg\" target=\"_blank\">Flominator<\/a> \/ Lizenz: <a href=\"https:\/\/creativecommons.org\/licenses\/by-sa\/3.0\/deed.en\" target=\"_blank\">CC BY-SA 3.0<\/a><\/figcaption><\/figure>\n<p>Die Bundesregierung hat Burda verboten. Damit k\u00f6nnen die beliebten Magazine &#8222;Focus&#8220;, &#8222;Bunte&#8220;, &#8222;Superillu&#8220;, &#8222;Burda Moden&#8220; und einige weitere nicht mehr erscheinen. Das berichtet der Focus in seiner letzten Ausgabe f\u00fcr immer.<\/p>\n<p>Es handelt sich dabei offenbar um ein Versehen. Die Bundesregierung wollte wohl im Rahmen der Terrorabwehr die Burka verbieten. Was so ein kleiner Buchstabe doch alles ausmacht!<\/p>\n<p>Bundesinnenminister Thomas de Maizi\u00e8re r\u00e4umt zerknirscht ein, dass \u00e4hnliche Namen zu Verwechslungen f\u00fchrten. Bei &#8222;Burka Moden \u00e4h\u2026 Burda Moden&#8220; \u2013 da denke man doch automatisch an neue Trends bei der Ganzk\u00f6rperverh\u00fcllungsmode, so de Maizi\u00e8re. Das Gesetz r\u00fcckg\u00e4ngig machen will de Maizi\u00e8re aber auch nicht. Es schade ja nicht, so der Minister, ganz im Gegenteil. Der Focus werde ja immer noch langweiliger, der Markwort immer schlechter. Au\u00dferdem m\u00fcsste dann extra ein Aufhebungsgesetz gemacht werden. Da k\u00f6nnten schnell neue Fehler passieren, das wolle man nicht riskieren. In Zukunft werde man aber sauberer arbeiten, so der Minister. Das bedeutet auch, dass Maizi\u00e8re nach den anstrengenden Wochen jetzt erst einmal Urlaub machen will. Ausgeruhte Minister machten weniger Fehler. Der Minister verr\u00e4t, es gehe nach Austria, die Oper in der Hauptstadt Sydney besuchen.<\/p>\n","protected":false},"excerpt":{"rendered":"<p>Die Bundesregierung hat Burda verboten. Damit k\u00f6nnen die beliebten Magazine &#8222;Focus&#8220;, &#8222;Bunte&#8220;, &#8222;Superillu&#8220;, &#8222;Burda Moden&#8220; und einige weitere nicht mehr erscheinen. Das berichtet der Focus in seiner letzten Ausgabe f\u00fcr immer. Es handelt sich dabei offenbar um ein Versehen. Die Bundesregierung wollte wohl im Rahmen der Terrorabwehr die Burka verbieten. Was so ein kleiner Buchstabe [&hellip;]<\/p>\n","protected":false},"author":1,"featured_media":0,"comment_status":"open","ping_status":"open","sticky":false,"template":"","format":"standard","meta":{"footnotes":""},"categories":[977,5,11,20],"tags":[1500,1498,215,1499,551,418,1501,250,1153],"class_list":["post-2190","post","type-post","status-publish","format-standard","hentry","category-konflikteterrormilitaer","category-medien","category-religion","category-sprachliches","tag-bunte","tag-burda","tag-burka","tag-focus","tag-islam","tag-islamismus","tag-superillu","tag-thomas-de-maiziere","tag-vollverschleierung"],"_links":{"self":[{"href":"https:\/\/www.keinblatt.de\/blog\/wp-json\/wp\/v2\/posts\/2190","targetHints":{"allow":["GET"]}}],"collection":[{"href":"https:\/\/www.keinblatt.de\/blog\/wp-json\/wp\/v2\/posts"}],"about":[{"href":"https:\/\/www.keinblatt.de\/blog\/wp-json\/wp\/v2\/types\/post"}],"author":[{"embeddable":true,"href":"https:\/\/www.keinblatt.de\/blog\/wp-json\/wp\/v2\/users\/1"}],"replies":[{"embeddable":true,"href":"https:\/\/www.keinblatt.de\/blog\/wp-json\/wp\/v2\/comments?post=2190"}],"version-history":[{"count":0,"href":"https:\/\/www.keinblatt.de\/blog\/wp-json\/wp\/v2\/posts\/2190\/revisions"}],"wp:attachment":[{"href":"https:\/\/www.keinblatt.de\/blog\/wp-json\/wp\/v2\/media?parent=2190"}],"wp:term":[{"taxonomy":"category","embeddable":true,"href":"https:\/\/www.keinblatt.de\/blog\/wp-json\/wp\/v2\/categories?post=2190"},{"taxonomy":"post_tag","embeddable":true,"href":"https:\/\/www.keinblatt.de\/blog\/wp-json\/wp\/v2\/tags?post=2190"}],"curies":[{"name":"wp","href":"https:\/\/api.w.org\/{rel}","templated":true}]}}