{"id":2184,"date":"2016-08-17T23:29:56","date_gmt":"2016-08-17T21:29:56","guid":{"rendered":"http:\/\/www.keinblatt.de\/blog\/?p=2184"},"modified":"2016-08-17T23:39:08","modified_gmt":"2016-08-17T21:39:08","slug":"ungeheurer-verdacht-ist-die-cdu-etwa-parteiisch","status":"publish","type":"post","link":"https:\/\/www.keinblatt.de\/blog\/ungeheurer-verdacht-ist-die-cdu-etwa-parteiisch\/","title":{"rendered":"Ungeheurer Verdacht: Ist die CDU etwa parteiisch?"},"content":{"rendered":"<figure id=\"attachment_2185\" aria-describedby=\"caption-attachment-2185\" style=\"width: 225px\" class=\"wp-caption alignleft\"><a href=\"https:\/\/www.keinblatt.de\/blog\/wp-content\/uploads\/2016\/08\/576px-Wahlplakat_2013_CDU_01.jpg\"><img loading=\"lazy\" decoding=\"async\" class=\"size-medium wp-image-2185\" src=\"https:\/\/www.keinblatt.de\/blog\/wp-content\/uploads\/2016\/08\/576px-Wahlplakat_2013_CDU_01-225x300.jpg\" alt=\"CDU Wahlplakat Wirtschaft\" width=\"225\" height=\"300\" srcset=\"https:\/\/www.keinblatt.de\/blog\/wp-content\/uploads\/2016\/08\/576px-Wahlplakat_2013_CDU_01-225x300.jpg 225w, https:\/\/www.keinblatt.de\/blog\/wp-content\/uploads\/2016\/08\/576px-Wahlplakat_2013_CDU_01.jpg 576w\" sizes=\"auto, (max-width: 225px) 100vw, 225px\" \/><\/a><figcaption id=\"caption-attachment-2185\" class=\"wp-caption-text\">Bedenkliches CDU-Wahlplakat mit einseitiger Herausstellung der starken Wirtschaft. Foto: <a href=\"https:\/\/commons.wikimedia.org\/wiki\/File:Wahlplakat_2013_CDU_01.JPG\" target=\"_blank\">Cherubino<\/a> \/ Lizenz: <a href=\"https:\/\/creativecommons.org\/licenses\/by-sa\/3.0\/deed.en\" target=\"_blank\">CC BY-SA 3.0<\/a><\/figcaption><\/figure>\n<p>Es ist ein schwerer Vorwurf, der im Raum wiegt. Die CDU (Christlich Demokratische Union) soll den Gedanken der Neutralit\u00e4tspflicht verletzen, sie soll gar parteiisch sein. Politikwissenschaftler Hermann Liebermann sieht in der CDU eine wertkonservative, antisozialistische, lobbyistische Gruppierung, die sich auch an bevorzugt an die Mitglieder der beiden gro\u00dfen deutschen christlichen Kirchen, die sich sehr \u00e4hnlich sind, richtet. Man habe sich nicht mal M\u00fche gemacht, das zu verschleiern, die Verbundenheit zum christlichen Gott sei bereits im Namen implementiert. &#8222;D\u00fcmmer geht es nicht&#8220;, f\u00fchrt Liebermann aus.<\/p>\n<p>Nach Liebermann ist die CDU aber auch nicht statisch, sondern hat sich in der Nach-Kohl-\u00c4ra mit Frau Dr. Angela Merkel eine gewisse Sozialdemokratisierung erfahren. Das seien fast linke Tendenzen vom traditionellen, patriotischen deutschen Familienbild hin zu einer multikulturellen, multireligi\u00f6sen Wertvorstellung, so Liebermann. Diese Verschiebung bedeute aber nur eine ge\u00e4nderte Parteilichkeit.<\/p>\n<p>Es ist mit Bedauern festzustellen, dass politische Gruppierungen einseitig Werte und Meinungen propagieren und gezielt W\u00e4hlerschichten ansprechen. Der Vorwurf der Parteilichkeit ist sicherlich starker Tobak.<\/p>\n<p>Andere politische Gruppierungen wie SPD, CSU, Gr\u00fcne, FDP und &#8222;Mensch Umwelt Tierschutz&#8220; seien aber auch nicht viel besser, so Liebermann.\u00a0 Da gebe es also eine Gruppierung, die sich f\u00fcr Menschen und Tiere einsetze, aber f\u00fcr sonst f\u00fcr keine Lebewesen. &#8222;Was soll denn hier bitte neutral oder wenigstens vollst\u00e4ndig sein?&#8220;, klagt Liebermann an.<\/p>\n","protected":false},"excerpt":{"rendered":"<p>Es ist ein schwerer Vorwurf, der im Raum wiegt. Die CDU (Christlich Demokratische Union) soll den Gedanken der Neutralit\u00e4tspflicht verletzen, sie soll gar parteiisch sein. Politikwissenschaftler Hermann Liebermann sieht in der CDU eine wertkonservative, antisozialistische, lobbyistische Gruppierung, die sich auch an bevorzugt an die Mitglieder der beiden gro\u00dfen deutschen christlichen Kirchen, die sich sehr \u00e4hnlich [&hellip;]<\/p>\n","protected":false},"author":1,"featured_media":0,"comment_status":"open","ping_status":"open","sticky":false,"template":"","format":"standard","meta":{"footnotes":""},"categories":[2,6,20],"tags":[95,233],"class_list":["post-2184","post","type-post","status-publish","format-standard","hentry","category-gesellschaftliches","category-politik","category-sprachliches","tag-angela-merkel","tag-cdu"],"_links":{"self":[{"href":"https:\/\/www.keinblatt.de\/blog\/wp-json\/wp\/v2\/posts\/2184","targetHints":{"allow":["GET"]}}],"collection":[{"href":"https:\/\/www.keinblatt.de\/blog\/wp-json\/wp\/v2\/posts"}],"about":[{"href":"https:\/\/www.keinblatt.de\/blog\/wp-json\/wp\/v2\/types\/post"}],"author":[{"embeddable":true,"href":"https:\/\/www.keinblatt.de\/blog\/wp-json\/wp\/v2\/users\/1"}],"replies":[{"embeddable":true,"href":"https:\/\/www.keinblatt.de\/blog\/wp-json\/wp\/v2\/comments?post=2184"}],"version-history":[{"count":0,"href":"https:\/\/www.keinblatt.de\/blog\/wp-json\/wp\/v2\/posts\/2184\/revisions"}],"wp:attachment":[{"href":"https:\/\/www.keinblatt.de\/blog\/wp-json\/wp\/v2\/media?parent=2184"}],"wp:term":[{"taxonomy":"category","embeddable":true,"href":"https:\/\/www.keinblatt.de\/blog\/wp-json\/wp\/v2\/categories?post=2184"},{"taxonomy":"post_tag","embeddable":true,"href":"https:\/\/www.keinblatt.de\/blog\/wp-json\/wp\/v2\/tags?post=2184"}],"curies":[{"name":"wp","href":"https:\/\/api.w.org\/{rel}","templated":true}]}}